{"id":58460,"date":"2017-10-02T00:00:00","date_gmt":"2017-10-02T06:00:00","guid":{"rendered":"https:\/\/dralvarez.com.mx\/larevista\/blog\/necesario-guardar-reposo-en-caso-de-conjuntivitis-dr-manuel-diaz-18056"},"modified":"2017-10-02T00:00:00","modified_gmt":"2017-10-02T06:00:00","slug":"necesario-guardar-reposo-en-caso-de-conjuntivitis-dr-manuel-diaz-18056","status":"publish","type":"post","link":"https:\/\/dralvarez.com.mx\/larevista\/yucatan\/necesario-guardar-reposo-en-caso-de-conjuntivitis-dr-manuel-diaz-18056","title":{"rendered":"Necesario guardar reposo en caso de conjuntivitis: Dr. Manuel D\u00edaz"},"content":{"rendered":"<\/p>\n<div>Debido al gran repunte de casos de conjuntivitis en el Estado, el Dr. Manuel D\u00edaz Su\u00e1rez, Diputado Local y presidente de la Comisi\u00f3n de Salud en el Congreso del Estado, hace un llamado a la ciudadan\u00eda a extremar los cuidados para evitar que este brote epidemiol\u00f3gico se prolongue por mas tiempo y se convierta en un grave problema de salud p\u00fablica.<\/div>\n<div><\/div>\n<div>Se\u00f1al\u00f3 que la prevenci\u00f3n es la mejor arma para evitar el avance de esta enfermedad que ha generado preocupaci\u00f3n en muchos sectores de nuestra sociedad.<\/div>\n<div><\/div>\n<div>Al respecto, enfatiz\u00f3 que extremar la higiene es la clave para evitar los contagios y que en los casos donde se presenten los s\u00edntomas sugerentes de conjuntivitis, se evite la auto-medicaci\u00f3n y se consulte inmediatamente, para tener un diagnostico certero, temprano y sobretodo tener un tratamiento oportuno que evite cuadros cl\u00ednicos prolongados y complicados.<\/div>\n<div><\/div>\n<div>En relaci\u00f3n a las aparentes declaraciones de la Secretaria de Salud de Yucat\u00e1n, sobre que el problema sanitario esta controlado, que no es para tanto y que no amerita incapacidad o reposo, el doctor se manifest\u00f3 en desacuerdo, pues como en cualquier enfermedad infecto-contagiosa, el reposo es fundamental para evitar la propagaci\u00f3n de una enfermedad y que esta se vuelva una epidemia. <\/div>\n<div><\/div>\n<div>&#8220;Hoy que ya nos encontramos ante un brote, el exhorto es a que los que est\u00e1n enfermos, estudiantes o empleados, acudan a su medico de confianza y que este valore el tratamiento y los d\u00edas de incapacidad, pues entre mas complicados sean los casos o m\u00e1s tiempo tarde este brote, mayores ser\u00e1n los costos para nuestra sociedad. Afortunadamente he observado atinadas decisiones de los maestros , jefes de las empresas y del sector p\u00fablico, que en cuanto detectan los s\u00edntomas, recomiendan y facilitan a los estudiantes o empleados que acudan a consultar, para que se incapaciten y reposen a criterio de los m\u00e9dicos&#8221;<\/div>\n<div><\/div>\n<div>Durante la entrevista, Manuel Diaz, diputado y medico de profesi\u00f3n, se\u00f1alo que es cierto que el cuadro de conjuntivitis es auto-limitada, es decir que en la mayor\u00eda de los casos el cuerpo tiene la capacidad de curarla, pero es muy obvio que con el tratamiento oportuno y adecuado el cuadro se acorta, los s\u00edntomas son mas llevaderos y leves, evitando cualquier complicaci\u00f3n&#8221;<\/div>\n<div><\/div>\n<div>Se sabe que los mas vulnerables a las complicaciones con conjuntivitis severas, son los beb\u00e9s, los adultos mayores, pacientes diab\u00e9ticos y otros grupos que est\u00e1n inmunocomprometidos, es decir tienen bajas sus defensas.<\/div>\n<div><\/div>\n<div>&#8220;Hoy la virulencia o la agresividad de ciertos microorganismos que nos infectan, virus y bacterias ya no tienen una evoluci\u00f3n como anta\u00f1o, pues con mayor facilidad se complican. He visto familias enteras con conjuntivitis, escuelas donde una tercera parte de los alumnos no esta acudiendo a clases,  varios compa\u00f1eros de trabajo y vecinos con este padecimiento por lo que me extra\u00f1an las declaraciones de que no se requiere incapacidad y reposo. Desde luego tampoco se trata de que la poblaci\u00f3n se alarme, pues conf\u00edo en que unos d\u00edas veremos como van disminuyendo los casos de conjuntivitis, pero esto sera mas f\u00e1cil si la ciudadan\u00eda esta bien informada, cumple con las recomendaciones m\u00e9dicas y las autoridades est\u00e1n alertas y prevenidas&#8221;, puntualiz\u00f3 el Legislador Local.<\/div>\n<p><\/p>\n","protected":false},"excerpt":{"rendered":"<p>La prevenci\u00f3n es la mejor arma para evitar el avance de esta enfermedad.<\/p>\n","protected":false},"author":1018,"featured_media":0,"comment_status":"open","ping_status":"open","sticky":false,"template":"","format":"standard","meta":{"tdm_status":"","tdm_grid_status":"","footnotes":""},"categories":[21],"tags":[],"_links":{"self":[{"href":"https:\/\/dralvarez.com.mx\/larevista\/wp-json\/wp\/v2\/posts\/58460"}],"collection":[{"href":"https:\/\/dralvarez.com.mx\/larevista\/wp-json\/wp\/v2\/posts"}],"about":[{"href":"https:\/\/dralvarez.com.mx\/larevista\/wp-json\/wp\/v2\/types\/post"}],"author":[{"embeddable":true,"href":"https:\/\/dralvarez.com.mx\/larevista\/wp-json\/wp\/v2\/users\/1018"}],"replies":[{"embeddable":true,"href":"https:\/\/dralvarez.com.mx\/larevista\/wp-json\/wp\/v2\/comments?post=58460"}],"version-history":[{"count":0,"href":"https:\/\/dralvarez.com.mx\/larevista\/wp-json\/wp\/v2\/posts\/58460\/revisions"}],"wp:attachment":[{"href":"https:\/\/dralvarez.com.mx\/larevista\/wp-json\/wp\/v2\/media?parent=58460"}],"wp:term":[{"taxonomy":"category","embeddable":true,"href":"https:\/\/dralvarez.com.mx\/larevista\/wp-json\/wp\/v2\/categories?post=58460"},{"taxonomy":"post_tag","embeddable":true,"href":"https:\/\/dralvarez.com.mx\/larevista\/wp-json\/wp\/v2\/tags?post=58460"}],"curies":[{"name":"wp","href":"https:\/\/api.w.org\/{rel}","templated":true}]}}