{"id":58454,"date":"2017-10-02T00:00:00","date_gmt":"2017-10-02T06:00:00","guid":{"rendered":"https:\/\/dralvarez.com.mx\/larevista\/blog\/liborio-vidal-apoya-proyecto-juvenil-para-digitalizar-mayapan-18050"},"modified":"2017-10-02T00:00:00","modified_gmt":"2017-10-02T06:00:00","slug":"liborio-vidal-apoya-proyecto-juvenil-para-digitalizar-mayapan-18050","status":"publish","type":"post","link":"https:\/\/dralvarez.com.mx\/larevista\/yucatan\/liborio-vidal-apoya-proyecto-juvenil-para-digitalizar-mayapan-18050","title":{"rendered":"Liborio Vidal apoya proyecto juvenil para \u201cdigitalizar\u201d Mayap\u00e1n"},"content":{"rendered":"<\/p>\n<p>M\u00e9rida, Yucat\u00e1n, a 29 de septiembre de 2017. Un grupo de j\u00f3venes visit\u00f3 el Centro de Distribuci\u00f3n (Cedis) de Bomssa para entrevistarse con Liborio Vidal Aguilar, empresario y pol\u00edtico a quien conocieron durante la conferencia \u201cImagina y haz\u201d que imparti\u00f3 en la Facultad de Contadur\u00eda y Administraci\u00f3n (FCA) de la Universidad Aut\u00f3noma de Yucat\u00e1n (UADY).<\/p>\n<p>Los j\u00f3venes estudiantes del primer semestre de las licenciaturas en Contadur\u00eda y Mercadotecnia y negocios internacionales cursan la asignatura Responsabilidad Social Universitaria que los lleva a generar proyectos en beneficio a los sectores vulnerables de la sociedad.<\/p>\n<p>\u201cNosotros quer\u00edamos generar un impacto, hacer algo que apoyara a las personas, que hubiera un cambio real, y nos dimos cuenta que aqu\u00ed hay comunidades muy pobres en nuestro Estado y localizamos Mayap\u00e1n que es donde vamos a realizar el proyecto\u201d, dijo Danna Acu\u00f1a Beltr\u00e1n, integrante del equipo desarrollador del proyecto.<\/p>\n<p>Danna Acu\u00f1a explic\u00f3 que se sorprendi\u00f3 al ver que hay ni\u00f1as de 14 a\u00f1os que ya tienen hijos, est\u00e1n embarazadas o casadas, y que carecen de formaci\u00f3n acad\u00e9mica m\u00e1s all\u00e1 de la educaci\u00f3n b\u00e1sica. \u201cEs incre\u00edble ver que hay madres de 14 a\u00f1os, muchachas que no tienen trabajo\u201d, manifest\u00f3.<\/p>\n<p>Debido a lo anterior desarrollaron el proyecto \u201cDigitalicemos\u201d por medio del cual buscar\u00e1n acercar las herramientas tecnol\u00f3gicas a algunas comunidades del Estado, en espec\u00edfico a Mayap\u00e1n con el lema: Brechas por cerrar y mentes qu\u00e9 educar.<\/p>\n<p>El proyecto gener\u00f3 la necesidad de contar con laptops para llevar a Mayap\u00e1n, por lo que tras la conferencia se acercaron a Liborio Vidal para solicitarle su apoyo u orientaci\u00f3n y, para sorpresa de los estudiantes, contribuy\u00f3 con dos equipos, que entreg\u00f3 ayer.<\/p>\n<p>La estudiante destac\u00f3 que tras escuchar la conferencia y c\u00f3mo Vidal Aguilar inici\u00f3 de la nada y logr\u00f3 crear una empresa que realiza negocios internacionales con los gigantes asi\u00e1ticos, sinti\u00f3 la confianza para acercarse.<\/p>\n<p>&nbsp;\u201cYo s\u00e9 que \u00e9l va por m\u00e1s, \u00e9l nos mencionaba que quiere hacer m\u00e1s cosas, llegar a m\u00e1s pa\u00edses, quiere exportar a Cuba, tiene aspiraciones y busca lograrlas. Eso es lo que a m\u00ed me gust\u00f3 porque es lo que queremos nosotros entiendo que las cosas est\u00e1n dif\u00edciles hoy en d\u00eda pero si tenemos aspiraciones y luchamos por alcanzarlas s\u00ed se puede\u201d, expres\u00f3 Danna Acu\u00f1a.<\/p>\n<p><\/p>\n","protected":false},"excerpt":{"rendered":"<p>La conferencia \u201cImagina y Haz\u201d fortalece comunicaci\u00f3n del #AmigoLibo con emprendedores.<\/p>\n","protected":false},"author":1018,"featured_media":0,"comment_status":"open","ping_status":"open","sticky":false,"template":"","format":"standard","meta":{"tdm_status":"","tdm_grid_status":"","footnotes":""},"categories":[21],"tags":[],"_links":{"self":[{"href":"https:\/\/dralvarez.com.mx\/larevista\/wp-json\/wp\/v2\/posts\/58454"}],"collection":[{"href":"https:\/\/dralvarez.com.mx\/larevista\/wp-json\/wp\/v2\/posts"}],"about":[{"href":"https:\/\/dralvarez.com.mx\/larevista\/wp-json\/wp\/v2\/types\/post"}],"author":[{"embeddable":true,"href":"https:\/\/dralvarez.com.mx\/larevista\/wp-json\/wp\/v2\/users\/1018"}],"replies":[{"embeddable":true,"href":"https:\/\/dralvarez.com.mx\/larevista\/wp-json\/wp\/v2\/comments?post=58454"}],"version-history":[{"count":0,"href":"https:\/\/dralvarez.com.mx\/larevista\/wp-json\/wp\/v2\/posts\/58454\/revisions"}],"wp:attachment":[{"href":"https:\/\/dralvarez.com.mx\/larevista\/wp-json\/wp\/v2\/media?parent=58454"}],"wp:term":[{"taxonomy":"category","embeddable":true,"href":"https:\/\/dralvarez.com.mx\/larevista\/wp-json\/wp\/v2\/categories?post=58454"},{"taxonomy":"post_tag","embeddable":true,"href":"https:\/\/dralvarez.com.mx\/larevista\/wp-json\/wp\/v2\/tags?post=58454"}],"curies":[{"name":"wp","href":"https:\/\/api.w.org\/{rel}","templated":true}]}}