{"id":58447,"date":"2017-10-02T00:00:00","date_gmt":"2017-10-02T06:00:00","guid":{"rendered":"https:\/\/dralvarez.com.mx\/larevista\/blog\/mexico-el-pais-con-mas-asaltos-al-transporte-de-carga-rosa-adriana-18043"},"modified":"2017-10-02T00:00:00","modified_gmt":"2017-10-02T06:00:00","slug":"mexico-el-pais-con-mas-asaltos-al-transporte-de-carga-rosa-adriana-18043","status":"publish","type":"post","link":"https:\/\/dralvarez.com.mx\/larevista\/yucatan\/mexico-el-pais-con-mas-asaltos-al-transporte-de-carga-rosa-adriana-18043","title":{"rendered":"M\u00e9xico, el pa\u00eds con m\u00e1s asaltos al transporte de carga: Rosa Adriana"},"content":{"rendered":"<\/p>\n<p>Luego de revelar que M\u00e9xico es el pa\u00eds con m\u00e1s asaltos al transporte de carga y que hay un aumento en estos il\u00edcitos, la senadora Rosa Adriana D\u00edaz Lizama present\u00f3 una iniciativa de reformas a la ley para tipificar como delincuencia organizada este tipo de delitos.<\/p>\n<p>\u2014Muchos de los robos de las unidades de autotransporte no se denuncian para no generar mayores problemas, por las amenazas que reciben tanto el operador como el due\u00f1o de la unidad.<\/p>\n<p>\u2014El robo a camiones de carga en carretera se ha incrementado de 568 casos en 2014 a 1,590 en 2016, lo que equivale a 133 casos mensuales o cuatro diarios, y \u00e9stos son s\u00f3lo los casos en que las v\u00edctimas se han atrevido a denunciar ante las autoridades de los estados \u2014enfatiz\u00f3.<\/p>\n<p>Ante el pleno del Senado, la senadora por Yucat\u00e1n destac\u00f3 que esa tendencia alcanz\u00f3 su punto m\u00e1s alarmante el a\u00f1o pasado, cuando fueron robadas 4,550 unidades, de las cuales 2,050 fueron camiones y 2,500 fueron tractocamiones.<\/p>\n<p>\u2014El panorama actual luce a\u00fan m\u00e1s alarmante: en lo que va de 2017, en algunas regiones del pa\u00eds, se ha visto un incremento de robos de alrededor de 50 por ciento \u2014revel\u00f3.<\/p>\n<p>\u2014Es importante destacar que el robo de unidades de autotransporte ha costado infinidad de vidas de los operadores, por lo que resulta urgente frenar este tipo de delitos \u2014resalt\u00f3.<\/p>\n<p><b>PROPUESTA<\/b><\/p>\n<p>La legisladora federal propuso reformar la Ley Federal contra la Delincuencia Organizada establecer el asalto al autotransporte de carga como delincuencia organizada.<\/p>\n<p>Estas reformas buscan que se aumenten las penas aplicables para los indiciados, que proceda la prisi\u00f3n preventiva por oficio y que los ministerios p\u00fablicos federales puedan atraer la investigaci\u00f3n de estos casos, sin perjuicio de que hubieran sido previamente tratados como delitos del fuero com\u00fan.<\/p>\n<p>\u2014El objeto de esta propuesta es dotar a la procuraci\u00f3n de justicia de mejores herramientas y marcos normativos para combatir estos delitos y comenzar a recuperar las carreteras y caminos \u2014indic\u00f3.<\/p>\n<p><\/p>\n","protected":false},"excerpt":{"rendered":"<p>En lo que va de 2017, en algunas regiones del pa\u00eds, se ha visto un incremento de robos de alrededor de 50 por ciento.<\/p>\n","protected":false},"author":1018,"featured_media":0,"comment_status":"open","ping_status":"open","sticky":false,"template":"","format":"standard","meta":{"tdm_status":"","tdm_grid_status":"","footnotes":""},"categories":[21],"tags":[],"_links":{"self":[{"href":"https:\/\/dralvarez.com.mx\/larevista\/wp-json\/wp\/v2\/posts\/58447"}],"collection":[{"href":"https:\/\/dralvarez.com.mx\/larevista\/wp-json\/wp\/v2\/posts"}],"about":[{"href":"https:\/\/dralvarez.com.mx\/larevista\/wp-json\/wp\/v2\/types\/post"}],"author":[{"embeddable":true,"href":"https:\/\/dralvarez.com.mx\/larevista\/wp-json\/wp\/v2\/users\/1018"}],"replies":[{"embeddable":true,"href":"https:\/\/dralvarez.com.mx\/larevista\/wp-json\/wp\/v2\/comments?post=58447"}],"version-history":[{"count":0,"href":"https:\/\/dralvarez.com.mx\/larevista\/wp-json\/wp\/v2\/posts\/58447\/revisions"}],"wp:attachment":[{"href":"https:\/\/dralvarez.com.mx\/larevista\/wp-json\/wp\/v2\/media?parent=58447"}],"wp:term":[{"taxonomy":"category","embeddable":true,"href":"https:\/\/dralvarez.com.mx\/larevista\/wp-json\/wp\/v2\/categories?post=58447"},{"taxonomy":"post_tag","embeddable":true,"href":"https:\/\/dralvarez.com.mx\/larevista\/wp-json\/wp\/v2\/tags?post=58447"}],"curies":[{"name":"wp","href":"https:\/\/api.w.org\/{rel}","templated":true}]}}