{"id":58437,"date":"2017-09-30T00:00:00","date_gmt":"2017-09-30T06:00:00","guid":{"rendered":"https:\/\/dralvarez.com.mx\/larevista\/blog\/propone-regidor-mauricio-diaz-montalvo-medidas-de-fondo-para-hacer-respetar-los-espacios-para-las-personas-con-discapacidad-18033"},"modified":"2017-09-30T00:00:00","modified_gmt":"2017-09-30T06:00:00","slug":"propone-regidor-mauricio-diaz-montalvo-medidas-de-fondo-para-hacer-respetar-los-espacios-para-las-personas-con-discapacidad-18033","status":"publish","type":"post","link":"https:\/\/dralvarez.com.mx\/larevista\/yucatan\/propone-regidor-mauricio-diaz-montalvo-medidas-de-fondo-para-hacer-respetar-los-espacios-para-las-personas-con-discapacidad-18033","title":{"rendered":"Propone regidor Mauricio D\u00edaz Montalvo medidas de fondo para hacer respetar los espacios para las personas con discapacidad"},"content":{"rendered":"<p>El regidor Mauricio D\u00edaz Montalvo, coordinador de la bancada de PAN en el Ayuntamiento de M\u00e9rida, declar\u00f3 que sigue trabajando para que se hagan cambios m\u00e1s profundos a las normas vigentes que regulan los espacios destinados a las personas con alguna discapacidad, a fin de que sean respetado de manera efectiva.<\/p>\n<p>Record\u00f3 que en coordinaci\u00f3n con el diputado El\u00edas Lixa se pretende legislar y reglamentar para obligar a los ayuntamientos que, as\u00ed como tienen un plan de desarrollo urbano, tambi\u00e9n tengan un plan de adecuaci\u00f3n para las personas con discapacidad desde el inicio de su gesti\u00f3n.<\/p>\n<p>Cuando la ley y los reglamentos respectivos se aprueben, que esperamos entren en vigor en el pr\u00f3ximo trienio, cada Cabildo ser\u00e1 responsable de aprobar y determinar su propio programa.<\/p>\n<p>Por ejemplo, dijo, que las banquetas tengan el dise\u00f1o adecuado para las sillas de ruedas, que haya m\u00e1s sem\u00e1foros para personas con discapacidad visual, que escaleras p\u00fablicas tengan sistema de braille, y en general cualquier medida que tienda a beneficiar a la accesibilidad universal.<\/p>\n<p>Indic\u00f3 que la idea es que las autoridades municipales y estatales tengan las facultades para aplicar sanciones y multas a quienes no respeten los espacios de las personas con discapacidad.<\/p>\n<p>-Es algo que todos debemos hacer de manera conjunta e implican medidas de corresponsabilidad: que los due\u00f1os de las plazas hagan respetar los espacios, que haya la posibilidad de denunciar a los infractores y que la gente sepa que puede ser acreedora de una sanci\u00f3n \u2013recalc\u00f3.<\/p>\n<p>Coment\u00f3 que incluso se debe contemplar la medida que ya anunci\u00f3 la Comisi\u00f3n de Derechos Humanos de Yucat\u00e1n para que la gente pueda llamar al 911 en estos casos y la atenci\u00f3n sea m\u00e1s r\u00e1pida.<\/p>\n<p><\/p>\n","protected":false},"excerpt":{"rendered":"<p>El regidor Mauricio D\u00edaz Montalvo, coordinador de la bancada de PAN en el Ayuntamiento de M\u00e9rida, declar\u00f3 que sigue trabajando para que se hagan cambi<\/p>\n","protected":false},"author":1018,"featured_media":0,"comment_status":"open","ping_status":"open","sticky":false,"template":"","format":"standard","meta":{"tdm_status":"","tdm_grid_status":"","footnotes":""},"categories":[21],"tags":[],"_links":{"self":[{"href":"https:\/\/dralvarez.com.mx\/larevista\/wp-json\/wp\/v2\/posts\/58437"}],"collection":[{"href":"https:\/\/dralvarez.com.mx\/larevista\/wp-json\/wp\/v2\/posts"}],"about":[{"href":"https:\/\/dralvarez.com.mx\/larevista\/wp-json\/wp\/v2\/types\/post"}],"author":[{"embeddable":true,"href":"https:\/\/dralvarez.com.mx\/larevista\/wp-json\/wp\/v2\/users\/1018"}],"replies":[{"embeddable":true,"href":"https:\/\/dralvarez.com.mx\/larevista\/wp-json\/wp\/v2\/comments?post=58437"}],"version-history":[{"count":0,"href":"https:\/\/dralvarez.com.mx\/larevista\/wp-json\/wp\/v2\/posts\/58437\/revisions"}],"wp:attachment":[{"href":"https:\/\/dralvarez.com.mx\/larevista\/wp-json\/wp\/v2\/media?parent=58437"}],"wp:term":[{"taxonomy":"category","embeddable":true,"href":"https:\/\/dralvarez.com.mx\/larevista\/wp-json\/wp\/v2\/categories?post=58437"},{"taxonomy":"post_tag","embeddable":true,"href":"https:\/\/dralvarez.com.mx\/larevista\/wp-json\/wp\/v2\/tags?post=58437"}],"curies":[{"name":"wp","href":"https:\/\/api.w.org\/{rel}","templated":true}]}}