{"id":58430,"date":"2017-09-29T00:00:00","date_gmt":"2017-09-29T06:00:00","guid":{"rendered":"https:\/\/dralvarez.com.mx\/larevista\/blog\/buscan-potencializar-el-compromiso-juvenil-con-las-causas-sociales-18026"},"modified":"2017-09-29T00:00:00","modified_gmt":"2017-09-29T06:00:00","slug":"buscan-potencializar-el-compromiso-juvenil-con-las-causas-sociales-18026","status":"publish","type":"post","link":"https:\/\/dralvarez.com.mx\/larevista\/yucatan\/buscan-potencializar-el-compromiso-juvenil-con-las-causas-sociales-18026","title":{"rendered":"Buscan potencializar el compromiso juvenil con las causas sociales"},"content":{"rendered":"<\/p>\n<p>M\u00e9rida, Yucat\u00e1n, 29 de septiembre de 2017.- Solidez y<br \/>\nconsistencia en los objetivos, asistencia a los tres d\u00edas de actividades y el<br \/>\nimpulso y fomento a la participaci\u00f3n social, son aspectos que ubicar\u00e1n a dos<br \/>\nproyectos como los acreedores a un apoyo econ\u00f3mico de 30 mil pesos para<br \/>\ncontinuar con su plan de organizaci\u00f3n civil.  <\/p>\n<p>Ello tras finalizar el taller \u201cJoven A.C.\u201d, que en<br \/>\ncoordinaci\u00f3n con el Instituto Mexicano de la Juventud (Imjuve), ofrece la<br \/>\nSecretar\u00eda de la Juventud (Sejuve) de forma gratuita a unos 150 inscritos y<br \/>\nque, hasta este domingo 1 de octubre, ser\u00e1n guiados por especialistas de<br \/>\ndiversas partes de la Rep\u00fablica.<\/p>\n<p>Al comienzo de las actividades, que se desarrollan en la<br \/>\nUniversidad Tecnol\u00f3gica Metropolitana (UTM), Luis Enrique Borjas Romero,<br \/>\ntitular de la dependencia estatal, destac\u00f3 que, como agentes de cambio, los<br \/>\nj\u00f3venes han dado muestra de su compromiso para aportar en tareas sociales. \u201cEl<br \/>\nreto, es que esa dedicaci\u00f3n se haga presente no \u00fanicamente en momentos de<br \/>\ncrisis, sino permanentemente\u201d, puntualiz\u00f3. <\/p>\n<p>\u201cAqu\u00ed en Yucat\u00e1n hay 264 organismos de la sociedad civil<br \/>\nque atienden problemas de este grupo poblacional; cuatro de cada 10 de sus<br \/>\nintegrantes pertenecen a \u00e9l y, cuando hablamos de colectivos, la cifra aumenta<br \/>\na ocho de cada 10. Nuestro estado tiene el mayor \u00edndice de aportaci\u00f3n global de<br \/>\neste segmento y m\u00e1s  acceso a estructuras formales\u201d, agreg\u00f3.<\/p>\n<p>En la inauguraci\u00f3n de las actividades estuvo presente David<br \/>\nAlpizar Carrillo, rector de la UTM, quien hizo eco de las palabras de Borjas<br \/>\nRomero.<\/p>\n<p>Rosa Mar\u00eda Espinosa Reyes, subdirectora de Fomento a la<br \/>\nOrganizaci\u00f3n Juvenil del Imjuve, explic\u00f3 que al terminar  la capacitaci\u00f3n,<br \/>\nlos expertos se llevar\u00e1n los proyectos por escrito a fin de revisarlos con<br \/>\ndetenimiento; adem\u00e1s, sumar\u00e1n los resultados de asistencia y participaci\u00f3n de<br \/>\ncada concurrente para otorgar a dos de ellos, la ayuda monetaria.<\/p>\n<p>Agreg\u00f3 que bajo los mismos lineamientos, tambi\u00e9n se<br \/>\nbrindar\u00e1 asesor\u00eda para la constituci\u00f3n legal de hasta cinco asociaciones<br \/>\nciviles juveniles. Los resultados ser\u00e1n dados a conocer d\u00edas despu\u00e9s de<br \/>\nfinalizado el taller.<\/p><\/p>\n","protected":false},"excerpt":{"rendered":"<p>El Imjuve y la Sejuve imparten el taller \u201cJoven A.C.\u201d<\/p>\n","protected":false},"author":1018,"featured_media":0,"comment_status":"open","ping_status":"open","sticky":false,"template":"","format":"standard","meta":{"tdm_status":"","tdm_grid_status":"","footnotes":""},"categories":[21],"tags":[],"_links":{"self":[{"href":"https:\/\/dralvarez.com.mx\/larevista\/wp-json\/wp\/v2\/posts\/58430"}],"collection":[{"href":"https:\/\/dralvarez.com.mx\/larevista\/wp-json\/wp\/v2\/posts"}],"about":[{"href":"https:\/\/dralvarez.com.mx\/larevista\/wp-json\/wp\/v2\/types\/post"}],"author":[{"embeddable":true,"href":"https:\/\/dralvarez.com.mx\/larevista\/wp-json\/wp\/v2\/users\/1018"}],"replies":[{"embeddable":true,"href":"https:\/\/dralvarez.com.mx\/larevista\/wp-json\/wp\/v2\/comments?post=58430"}],"version-history":[{"count":0,"href":"https:\/\/dralvarez.com.mx\/larevista\/wp-json\/wp\/v2\/posts\/58430\/revisions"}],"wp:attachment":[{"href":"https:\/\/dralvarez.com.mx\/larevista\/wp-json\/wp\/v2\/media?parent=58430"}],"wp:term":[{"taxonomy":"category","embeddable":true,"href":"https:\/\/dralvarez.com.mx\/larevista\/wp-json\/wp\/v2\/categories?post=58430"},{"taxonomy":"post_tag","embeddable":true,"href":"https:\/\/dralvarez.com.mx\/larevista\/wp-json\/wp\/v2\/tags?post=58430"}],"curies":[{"name":"wp","href":"https:\/\/api.w.org\/{rel}","templated":true}]}}