{"id":58429,"date":"2017-09-29T00:00:00","date_gmt":"2017-09-29T06:00:00","guid":{"rendered":"https:\/\/dralvarez.com.mx\/larevista\/blog\/pyme-yucateca-cumple-10-anos-y-se-prepara-para-ser-pionera-en-la-zona-economica-especial-de-yucatan-18025"},"modified":"2017-09-29T00:00:00","modified_gmt":"2017-09-29T06:00:00","slug":"pyme-yucateca-cumple-10-anos-y-se-prepara-para-ser-pionera-en-la-zona-economica-especial-de-yucatan-18025","status":"publish","type":"post","link":"https:\/\/dralvarez.com.mx\/larevista\/yucatan\/pyme-yucateca-cumple-10-anos-y-se-prepara-para-ser-pionera-en-la-zona-economica-especial-de-yucatan-18025","title":{"rendered":"PYME yucateca cumple 10 a\u00f1os y se prepara para ser pionera en la Zona Econ\u00f3mica Especial de Yucat\u00e1n"},"content":{"rendered":"<\/p>\n<p>Al cumplir 10 a\u00f1os de existencia, la PYME yucateca, Adivor,<br \/>\nanuncia un relanzamiento de imagen y servicios, y se alista para ser una de las<br \/>\npioneras de la Zona Econ\u00f3mica Especial (ZEE) de empresas dedicadas a<br \/>\nTecnolog\u00edas de Informaci\u00f3n y Comunicaci\u00f3n (TIC\u00b4s), que comenzar\u00eda a instalarse<br \/>\nen Progreso a partir de 2018, inform\u00f3 el director general de esta empresa,<br \/>\nFernando Santa Cruz Ruiz.<\/p>\n<p>La ZEE de Yucat\u00e1n, agreg\u00f3, ser\u00e1 una de las empresas que se<br \/>\ninstalar\u00e1n en diversas partes del pa\u00eds, una iniciativa del gobierno federal que<br \/>\ntiene como fin atraer y potenciar inversiones de empresas nacionales y<br \/>\nextranjeras, por medio de diversos y atractivos incentivos.<\/p>\n<p>-Entre los beneficios que disfrutar\u00e1n quienes se instalen ah\u00ed<br \/>\nfiguran, por ejemplo, la exenci\u00f3n de impuestos de n\u00f3mina, de predial, de ISR e<br \/>\nde IVA, as\u00ed como reducci\u00f3n de pagos de IMSS, r\u00e9gimen aduanero especial y<br \/>\nfacilitaci\u00f3n de tr\u00e1mites por medio de ventanilla \u00fanica, entre otros \u2013explic\u00f3.<\/p>\n<p>El joven empresario indic\u00f3 que ya se public\u00f3 en el Diario Oficial<br \/>\nel decreto correspondiente para el establecimiento de la ZEE en Yucat\u00e1n que<br \/>\nestar\u00e1 en un pol\u00edgono de 327 hect\u00e1reas en Para\u00edso, Progreso, y se espera que en<br \/>\nbreve se emita la convocatoria para las empresas interesadas se acerquen para<br \/>\nsolicitar su incorporaci\u00f3n a la misma.<\/p>\n<p>En el caso de Yucat\u00e1n, se\u00f1al\u00f3, la ZEE estar\u00e1 enfocada a empresas<br \/>\nde TIC\u00b4s de modo que los giros que podr\u00edan estar ah\u00ed son desarrollo de<br \/>\nsoftware, Big Data, Servicios T\u00e9cnicos, telecomunicaciones, entre otros, y de<br \/>\nmanera extraordinaria otros giros como f\u00e1brica de joyas, arquitectura e<br \/>\ningenier\u00eda e industria metalmec\u00e1nica.<\/p>\n<p><b>\u00bfPor qu\u00e9 en Yucat\u00e1n se decidi\u00f3 que la ZEE<br \/>\nsea para empresas de TI?<\/b><\/p>\n<p>-Aqu\u00ed est\u00e1n dadas las condiciones dado que hay centros de<br \/>\ninvestigaci\u00f3n, existe una amplia oferta de ingenieros, adem\u00e1s que es la \u00fanica<br \/>\nentidad del pa\u00eds que cuenta con una Universidad Polit\u00e9cnica que cuenta con<br \/>\ncarreras espec\u00edficas en tecnolog\u00edas de informaci\u00f3n.<\/p>\n<p>Coment\u00f3 que ya existe un \u201cpre-proyecto\u201d de lo que ser\u00eda el<br \/>\ncompleto de la ZEE que incluir\u00eda \u00e1reas verdes, hoteles, y los edificios de<br \/>\ndiversos tama\u00f1os, seg\u00fan la empresa de que se trate, que pueden ser de 200<br \/>\nmetros cuadrados a torres de grandes empresas.<\/p>\n<p>Sin embargo, aclar\u00f3 que la determinaci\u00f3n final del proyecto<br \/>\ncorresponder\u00e1 a quien obtenga la administraci\u00f3n de la ZEE.<\/p>\n<p><b>Los logros de Adivor en<br \/>\n10 a\u00f1os<\/b><\/p>\n<p>Respecto a los 10 a\u00f1os de Adivor el directivo record\u00f3 que<br \/>\nesta empresa inici\u00f3 sus operaciones en M\u00e9rida, en lo que fue el City Center, en<br \/>\nmarzo de 2007 y en septiembre del mismo a\u00f1o obtuvo certificaci\u00f3n con Google<br \/>\nAdwords Qualified Company, y poco a poco fue acrecentando su cartera de<br \/>\nservicios.<\/p>\n<p>En junio de 2010 inici\u00f3 proceso para obtener certificaci\u00f3n como<br \/>\nESR ante CEMEFI, distinci\u00f3n que ha logrado en varias ocasiones; luego, en<br \/>\nseptiembre de 2010, ingres\u00f3 y particip\u00f3 en la Asociaci\u00f3n Mexicana de<br \/>\nInternet (AMIPCI). En marzo de 2011 fortalece su \u00e1rea de Ingenier\u00eda de<br \/>\nsoftware. En octubre de 2014 inaugura el corporativo ADIVOR.<br \/>\nEn septiembre 2015 inaugur\u00f3 oficinas en el Parque Cient\u00edfico y Tecnol\u00f3gico de<br \/>\nYucat\u00e1n.<\/p>\n<p><b>Expertise y cartera de clientes<\/b><\/p>\n<p>La expertise de Adivor se centra en Gesti\u00f3n de<br \/>\nRedes Sociales, de Campa\u00f1a Digital Email, Marketing CRM para Gesti\u00f3n de<br \/>\nProspectos y Clientes, desarrollo de sitios Web y de Aplicaciones M\u00f3viles,<br \/>\nE-Commerce, posicionamiento en buscadores y recorridos virtuales 360\u00b0, genera<br \/>\nestrategias de comunicaci\u00f3n alineadas a negocios espec\u00edficos y crea prospectos<br \/>\ncalificados.<\/p>\n<p>Las \u00e1reas con las que trabaja o ha trabajado son software y TI,<br \/>\nconstrucci\u00f3n e inmobiliaria, agroindustria, sector salud, y tambi\u00e9n en<br \/>\npol\u00edtica.<\/p>\n<p>Adivor es miembro activo<br \/>\nde AMIPCI, Canieti y Coparmex, adem\u00e1s cuenta con los certificados Adwords<br \/>\nCertified Partner y Google Adwords Agency.<\/p>\n<p>Nos estamos renovando para ir por m\u00e1s retos y resultados, y<br \/>\ngenerar m\u00e1s ideas y estrategias, en nuestras oficinas de M\u00e9rida, de la Ciudad<br \/>\nde M\u00e9xico, de Morelos y pr\u00f3ximamente en Puebla.<\/p><\/p>\n","protected":false},"excerpt":{"rendered":"<p>\u2022   Relanzamiento de imagen y de servicios.<\/p>\n","protected":false},"author":1018,"featured_media":0,"comment_status":"open","ping_status":"open","sticky":false,"template":"","format":"standard","meta":{"tdm_status":"","tdm_grid_status":"","footnotes":""},"categories":[21],"tags":[],"_links":{"self":[{"href":"https:\/\/dralvarez.com.mx\/larevista\/wp-json\/wp\/v2\/posts\/58429"}],"collection":[{"href":"https:\/\/dralvarez.com.mx\/larevista\/wp-json\/wp\/v2\/posts"}],"about":[{"href":"https:\/\/dralvarez.com.mx\/larevista\/wp-json\/wp\/v2\/types\/post"}],"author":[{"embeddable":true,"href":"https:\/\/dralvarez.com.mx\/larevista\/wp-json\/wp\/v2\/users\/1018"}],"replies":[{"embeddable":true,"href":"https:\/\/dralvarez.com.mx\/larevista\/wp-json\/wp\/v2\/comments?post=58429"}],"version-history":[{"count":0,"href":"https:\/\/dralvarez.com.mx\/larevista\/wp-json\/wp\/v2\/posts\/58429\/revisions"}],"wp:attachment":[{"href":"https:\/\/dralvarez.com.mx\/larevista\/wp-json\/wp\/v2\/media?parent=58429"}],"wp:term":[{"taxonomy":"category","embeddable":true,"href":"https:\/\/dralvarez.com.mx\/larevista\/wp-json\/wp\/v2\/categories?post=58429"},{"taxonomy":"post_tag","embeddable":true,"href":"https:\/\/dralvarez.com.mx\/larevista\/wp-json\/wp\/v2\/tags?post=58429"}],"curies":[{"name":"wp","href":"https:\/\/api.w.org\/{rel}","templated":true}]}}