{"id":58428,"date":"2017-09-29T00:00:00","date_gmt":"2017-09-29T06:00:00","guid":{"rendered":"https:\/\/dralvarez.com.mx\/larevista\/blog\/presentan-talleres-de-los-centros-de-desarrollo-del-dif-yucatan-18024"},"modified":"2017-09-29T00:00:00","modified_gmt":"2017-09-29T06:00:00","slug":"presentan-talleres-de-los-centros-de-desarrollo-del-dif-yucatan-18024","status":"publish","type":"post","link":"https:\/\/dralvarez.com.mx\/larevista\/yucatan\/presentan-talleres-de-los-centros-de-desarrollo-del-dif-yucatan-18024","title":{"rendered":"Presentan talleres de los Centros de Desarrollo del DIF Yucat\u00e1n"},"content":{"rendered":"<p>M\u00e9rida, Yucat\u00e1n, 29 de septiembre de 2017.- Portando orgullosamente el terno yucateco, decenas de ni\u00f1as, adolescentes y personas adultas mayores marcharon al son de m\u00fasica regional para dar la bienvenida a la generaci\u00f3n 2017 &#8211; 2018 de los 12 talleres del Centro de Desarrollo Familiar Urbano (CDFU) \u201cCastilla C\u00e1mara\u201d del Sistema para el Desarrollo Integral de la Familia (DIF) Yucat\u00e1n. <\/p>\n<p>&#8220;Mira mi rebozo, hoy voy a bailar la &#8216;Chinita chinita'&#8221;, expres\u00f3 Alondra Puc \u00c1vila, de seis a\u00f1os de edad y aprendiz de Jazz y Folclor. Parece t\u00edmida pero no duda en mostrarle al p\u00fablico los pasos de jarana que desde los cuatro a\u00f1os ha aprendido en dicho Centro. As\u00ed como ella, otros 315 alumnos inician un nuevo ciclo de estudios en el que adquirir\u00e1n nuevas capacidades y talentos que les servir\u00e1n para una formaci\u00f3n integral durante su infancia o adultez.<\/p>\n<p>Durante la presentaci\u00f3n, el director General del DIF estatal, Jos\u00e9 Limber Sosa Lara, encabez\u00f3 la entrega simb\u00f3lica de certificados que avalan los conocimientos, habilidades y destrezas de los egresados del periodo 2016-2017. <\/p>\n<p>&#8220;Este es un momento especial porque es una oportunidad para disfrutar entre padres, hijos, sobrinos y t\u00edos, de todas las actividades que se desarrollan aqu\u00ed; desde nietos hasta abuelitos pueden acceder a cursos y talleres que adem\u00e1s refuerzan la convivencia y la comunicaci\u00f3n&#8221;, indic\u00f3.<\/p>\n<p>Tras el acto protocolario, Sosa Lara y los cientos de asistentes disfrutaron de diversas muestras art\u00edsticas que disc\u00edpulos y profesores prepararon como &#8220;La fiesta del pueblo&#8221;, \u201cChinita chinita\u201d, \u201cTimbalero\u201d y \u201cBotellas\u201d.<\/p>\n<p>Continuando, estudiantes de Tae kwon do ejecutaron acrobacias en las que demostraron gran flexibilidad, concentraci\u00f3n y coordinaci\u00f3n que requieren sus movimientos.<\/p>\n<p>Para finalizar, la exhibici\u00f3n de Aerobics y Jazz deleit\u00f3 a los espectadores con n\u00fameros que incluyeron \u00e9xitos de La Sonora Dinamita, Gloria Estefan y High School Musical. <\/p>\n<p>Tambi\u00e9n estuvieron presentes los directores de los CDFU \u201cCastilla C\u00e1mara\u201d, \u201cMar\u00eda Luisa\u201d y \u201cHumberto Lara y Lara\u201d, Mar\u00eda Amparo Dzul Espadas, Alma Nu\u00f1ez Ortega y Ventura Casanova Cauich, respectivamente, quienes destacaron que estos espacios, m\u00e1s que dar clases, sirven para unir familias ya que permiten pasar tiempo juntos, adem\u00e1s de que la instrucci\u00f3n puede servirles para generar un ingreso econ\u00f3mico. <\/p>\n<p>\u2018\u2019La mayor parte del alumnado tienen a alg\u00fan otro familiar con ellos, a veces empieza la abuelita con manualidades y trae a su nieta; o al rev\u00e9s, los peque\u00f1os vienen  a danza y despu\u00e9s sus pap\u00e1s o t\u00edos se les unen en este espacio formativo\u201d, asever\u00f3 N\u00fa\u00f1ez Ortega.<\/p>\n<p>As\u00ed mismo, extendieron la invitaci\u00f3n a todos los interesados en este ciclo lectivo, ya que todav\u00eda quedan algunos lugares.  <\/p>\n<p>\u2018\u2019Las clases iniciaron este mes de septiembre, as\u00ed que a\u00fan pueden acerarse y preguntar sobre las diferentes disciplinas, tenemos desde deportes, manualidades, hasta art\u00edsticos, para que la gente vea la din\u00e1mica y la oferta con la que contamos\u2019\u2019, explic\u00f3 Dzul Espadas. <\/p>\n","protected":false},"excerpt":{"rendered":"<p>Buscan incrementar la convivencia familiar e intergeneracional.<\/p>\n","protected":false},"author":1018,"featured_media":0,"comment_status":"open","ping_status":"open","sticky":false,"template":"","format":"standard","meta":{"tdm_status":"","tdm_grid_status":"","footnotes":""},"categories":[21],"tags":[],"_links":{"self":[{"href":"https:\/\/dralvarez.com.mx\/larevista\/wp-json\/wp\/v2\/posts\/58428"}],"collection":[{"href":"https:\/\/dralvarez.com.mx\/larevista\/wp-json\/wp\/v2\/posts"}],"about":[{"href":"https:\/\/dralvarez.com.mx\/larevista\/wp-json\/wp\/v2\/types\/post"}],"author":[{"embeddable":true,"href":"https:\/\/dralvarez.com.mx\/larevista\/wp-json\/wp\/v2\/users\/1018"}],"replies":[{"embeddable":true,"href":"https:\/\/dralvarez.com.mx\/larevista\/wp-json\/wp\/v2\/comments?post=58428"}],"version-history":[{"count":0,"href":"https:\/\/dralvarez.com.mx\/larevista\/wp-json\/wp\/v2\/posts\/58428\/revisions"}],"wp:attachment":[{"href":"https:\/\/dralvarez.com.mx\/larevista\/wp-json\/wp\/v2\/media?parent=58428"}],"wp:term":[{"taxonomy":"category","embeddable":true,"href":"https:\/\/dralvarez.com.mx\/larevista\/wp-json\/wp\/v2\/categories?post=58428"},{"taxonomy":"post_tag","embeddable":true,"href":"https:\/\/dralvarez.com.mx\/larevista\/wp-json\/wp\/v2\/tags?post=58428"}],"curies":[{"name":"wp","href":"https:\/\/api.w.org\/{rel}","templated":true}]}}