{"id":58427,"date":"2017-09-29T00:00:00","date_gmt":"2017-09-29T06:00:00","guid":{"rendered":"https:\/\/dralvarez.com.mx\/larevista\/blog\/automotriz-toyota-obtiene-el-distintivo-de-empresa-segura-en-el-estado-18023"},"modified":"2017-09-29T00:00:00","modified_gmt":"2017-09-29T06:00:00","slug":"automotriz-toyota-obtiene-el-distintivo-de-empresa-segura-en-el-estado-18023","status":"publish","type":"post","link":"https:\/\/dralvarez.com.mx\/larevista\/yucatan\/automotriz-toyota-obtiene-el-distintivo-de-empresa-segura-en-el-estado-18023","title":{"rendered":"Automotriz Toyota obtiene el distintivo de empresa segura en el estado"},"content":{"rendered":"<p>Esta ma\u00f1ana la Delegaci\u00f3n Federal del Trabajo que tiene a su cargo el Lic. Ricardo B\u00e9jar Herrera entrega distintivo de Empresa Segura a importante empresa Automotriz.<\/p>\n<p>Por las acciones de mejora continua en la seguridad y salud en el trabajo, la empresa Automotriz Toy del Sureste recibi\u00f3 de manos del Delegado Federal del Trabajo en Yucat\u00e1n, Lic. Ricardo B\u00e9jar Herrera, el distintivo \u201cEmpresa Segura\u201d en su primer nivel en evento realizado en instalaciones de dicha empresa, ante la presencia de trabajadores de la misma.<\/p>\n<p>Ricardo B\u00e9jar, Delegado del Trabajo mencion\u00f3 que tanto la parte empresarial, directivos y trabajadores son parte fundamental para que el Estado siga con un crecimiento sostenido y cada vez se generen m\u00e1s empleos. Esto permitir\u00e1 continuar con el cumplimiento de los lineamientos en seguridad y salud en el trabajo para tener m\u00e1s empresas seguras, como hoy lo es la Toyota en Yucat\u00e1n.<\/p>\n<p>El Director General, Lic. Rodrigo de la Pe\u00f1a Hurtado reiter\u00f3 el compromiso y reconoci\u00f3 a cada uno de los trabajadores de la empresa por obtener dicha certificaci\u00f3n ya que es fruto del trabajo realizado de cada \u00e1rea que tiene Automotriz Toy del Sureste.<\/p>\n<p>Tambi\u00e9n acompa\u00f1aron al Delegado del Trabajo y al Director General, representantes legales, el coordinador de seguridad e higiene, as\u00ed como el Director de Marca del Estado.<\/p>\n","protected":false},"excerpt":{"rendered":"<p>Esta ma\u00f1ana la Delegaci\u00f3n Federal del Trabajo que tiene a su cargo el Lic. Ricardo B\u00e9jar Herrera entrega distintivo de Empresa Segura a importante emp<\/p>\n","protected":false},"author":1018,"featured_media":0,"comment_status":"open","ping_status":"open","sticky":false,"template":"","format":"standard","meta":{"tdm_status":"","tdm_grid_status":"","footnotes":""},"categories":[21],"tags":[],"_links":{"self":[{"href":"https:\/\/dralvarez.com.mx\/larevista\/wp-json\/wp\/v2\/posts\/58427"}],"collection":[{"href":"https:\/\/dralvarez.com.mx\/larevista\/wp-json\/wp\/v2\/posts"}],"about":[{"href":"https:\/\/dralvarez.com.mx\/larevista\/wp-json\/wp\/v2\/types\/post"}],"author":[{"embeddable":true,"href":"https:\/\/dralvarez.com.mx\/larevista\/wp-json\/wp\/v2\/users\/1018"}],"replies":[{"embeddable":true,"href":"https:\/\/dralvarez.com.mx\/larevista\/wp-json\/wp\/v2\/comments?post=58427"}],"version-history":[{"count":0,"href":"https:\/\/dralvarez.com.mx\/larevista\/wp-json\/wp\/v2\/posts\/58427\/revisions"}],"wp:attachment":[{"href":"https:\/\/dralvarez.com.mx\/larevista\/wp-json\/wp\/v2\/media?parent=58427"}],"wp:term":[{"taxonomy":"category","embeddable":true,"href":"https:\/\/dralvarez.com.mx\/larevista\/wp-json\/wp\/v2\/categories?post=58427"},{"taxonomy":"post_tag","embeddable":true,"href":"https:\/\/dralvarez.com.mx\/larevista\/wp-json\/wp\/v2\/tags?post=58427"}],"curies":[{"name":"wp","href":"https:\/\/api.w.org\/{rel}","templated":true}]}}