{"id":58426,"date":"2017-09-29T00:00:00","date_gmt":"2017-09-29T06:00:00","guid":{"rendered":"https:\/\/dralvarez.com.mx\/larevista\/blog\/continua-poder-judicial-del-estado-de-yucatan-fomentando-la-mediacion-18022"},"modified":"2017-09-29T00:00:00","modified_gmt":"2017-09-29T06:00:00","slug":"continua-poder-judicial-del-estado-de-yucatan-fomentando-la-mediacion-18022","status":"publish","type":"post","link":"https:\/\/dralvarez.com.mx\/larevista\/yucatan\/continua-poder-judicial-del-estado-de-yucatan-fomentando-la-mediacion-18022","title":{"rendered":"Contin\u00faa Poder Judicial del Estado de Yucat\u00e1n fomentando la mediaci\u00f3n"},"content":{"rendered":"<p>Tan s\u00f3lo en 2016 los asuntos familiares que se resolvieron por mediaci\u00f3n en el Poder Judicial del Estado de Yucat\u00e1n representaron una quinta parte de todos los casos que en ese mismo a\u00f1o se iniciaron en los juzgados en esa materia, lo que da cuenta de la importancia de seguir reforzando la mediaci\u00f3n como una v\u00eda pac\u00edfica de soluci\u00f3n para conflictos familiares pero tambi\u00e9n penales, civiles, mercantiles e incluso de adolescentes.<\/p>\n<p>Una de las formas en las que el Poder Judicial del Estado sigue fomentando la mediaci\u00f3n como salida pac\u00edfica a todo tipo de conflictos es la capacitaci\u00f3n interna y externa, por lo cual se llevar\u00e1 a cabo el curso \u201cActualizaci\u00f3n y perfeccionamiento de t\u00e9cnicas y herramientas especializadas para mediaci\u00f3n\u201d, abierto a todas las personas interesadas en este tipo de soluciones.<\/p>\n<p>El curso se realizar\u00e1 los d\u00edas 16, 18, 20, 23, 25 y 27 de octubre del presente a\u00f1o en horario de 16:00 a 20:00 horas y se impartir\u00e1n en el Centro de Justicia Oral de M\u00e9rida, ubicado en la colonia San Jos\u00e9 Tecoh al sur de esta ciudad, frente al Centro de Reinserci\u00f3n Social del Estado (CERESO).<\/p>\n<p>El curso,  que tiene como objetivo conocer las habilidades y caracter\u00edsticas que un mediador debe tener para coadyuvar con la soluci\u00f3n de los conflictos, ser\u00e1 impartido por la maestra Bertha Mary Rodr\u00edguez Villa quien es especializada en terapias breves por el Instituto Mexicano de terapias breves y docente y capacitadora en la soluci\u00f3n alternativa de conflictos, principalmente la mediaci\u00f3n.<\/p>\n<p>En el curso se abordar\u00e1n los temas el perfil del mediador: habilidades y elementos personales; las estrategias que potencian o inhiben la mediaci\u00f3n como la contenci\u00f3n emocional, la confrontaci\u00f3n, la empat\u00eda, la colaboraci\u00f3n; as\u00ed como el tema del replanteamiento y reconstrucci\u00f3n del rol del mediador.<\/p>\n<p>Para inscripciones a este importante curso los interesados pueden dirigirse a las oficinas de la Escuela Judicial que se ubica en la Avenida Jacinto Canek n\u00fam. 605 por calle 90 colonia inal\u00e1mbrica o para mayor informaci\u00f3n comunicarse al tel\u00e9fono (999) 930-06-50 extensi\u00f3n 5201 en horario de 09:00 a 14:00 horas. El cupo est\u00e1 limitado.<\/p>\n","protected":false},"excerpt":{"rendered":"<p>Tan s\u00f3lo en 2016 los asuntos familiares que se resolvieron por mediaci\u00f3n en el Poder Judicial del Estado de Yucat\u00e1n representaron una quinta parte de<\/p>\n","protected":false},"author":1018,"featured_media":0,"comment_status":"open","ping_status":"open","sticky":false,"template":"","format":"standard","meta":{"tdm_status":"","tdm_grid_status":"","footnotes":""},"categories":[21],"tags":[],"_links":{"self":[{"href":"https:\/\/dralvarez.com.mx\/larevista\/wp-json\/wp\/v2\/posts\/58426"}],"collection":[{"href":"https:\/\/dralvarez.com.mx\/larevista\/wp-json\/wp\/v2\/posts"}],"about":[{"href":"https:\/\/dralvarez.com.mx\/larevista\/wp-json\/wp\/v2\/types\/post"}],"author":[{"embeddable":true,"href":"https:\/\/dralvarez.com.mx\/larevista\/wp-json\/wp\/v2\/users\/1018"}],"replies":[{"embeddable":true,"href":"https:\/\/dralvarez.com.mx\/larevista\/wp-json\/wp\/v2\/comments?post=58426"}],"version-history":[{"count":0,"href":"https:\/\/dralvarez.com.mx\/larevista\/wp-json\/wp\/v2\/posts\/58426\/revisions"}],"wp:attachment":[{"href":"https:\/\/dralvarez.com.mx\/larevista\/wp-json\/wp\/v2\/media?parent=58426"}],"wp:term":[{"taxonomy":"category","embeddable":true,"href":"https:\/\/dralvarez.com.mx\/larevista\/wp-json\/wp\/v2\/categories?post=58426"},{"taxonomy":"post_tag","embeddable":true,"href":"https:\/\/dralvarez.com.mx\/larevista\/wp-json\/wp\/v2\/tags?post=58426"}],"curies":[{"name":"wp","href":"https:\/\/api.w.org\/{rel}","templated":true}]}}