{"id":58425,"date":"2017-09-29T00:00:00","date_gmt":"2017-09-29T06:00:00","guid":{"rendered":"https:\/\/dralvarez.com.mx\/larevista\/blog\/becados-de-la-uady-cultivaran-corales-en-el-parque-nacional-los-alacranes-18021"},"modified":"2017-09-29T00:00:00","modified_gmt":"2017-09-29T06:00:00","slug":"becados-de-la-uady-cultivaran-corales-en-el-parque-nacional-los-alacranes-18021","status":"publish","type":"post","link":"https:\/\/dralvarez.com.mx\/larevista\/yucatan\/becados-de-la-uady-cultivaran-corales-en-el-parque-nacional-los-alacranes-18021","title":{"rendered":"Becados de la UADY cultivar\u00e1n corales en el Parque Nacional Los Alacranes"},"content":{"rendered":"<\/p>\n<p>M\u00e9rida, Yucat\u00e1n; 29 de septiembre de 2017 (ACOM).- La Fundaci\u00f3n Bepensa entreg\u00f3 una beca por 300 mil pesos a 4 estudiantes de la carrera de biolog\u00eda marina de la Universidad Aut\u00f3noma de Yucat\u00e1n (UADY), &nbsp;al ganar el concurso con un proyecto que desarrollar\u00e1n en la preservaci\u00f3n de mantos de corales en Parque Nacional Los Alacranes.<u><\/u><u><\/u><\/p>\n<p>Los cuatro estudiantes, Alejandra Gonz\u00e1lez Mata, Sirma Vega Gueorguieva, Andrea Marina S\u00e1nchez L\u00f3pez y Luis Carlos Gasca Peralta,  presentaron un proyecto que permitir\u00e1 estudiar y realizar tareas de participaci\u00f3n social para la conservaci\u00f3n del arrecife coralino en los islotes del Parque Nacional del litoral yucateco.<u><\/u><u><\/u><\/p>\n<p>Los universitarios ganadores de esta beca cursan el \u00faltimo semestre de la carrera y podr\u00e1n realizar este proyecto a partir del mes de octubre y tendr\u00e1 una duraci\u00f3n de un a\u00f1o, donde podr\u00e1n dar a conocer los resultados de los procesos de investigaci\u00f3n realizado.<u><\/u><u><\/u><\/p>\n<p>As\u00ed como de las tareas de concientizaci\u00f3n y participaci\u00f3n que integraran para concientizar a la sociedad sobre el impacto que tienen los mantos coralinos en la interacci\u00f3n humana.<u><\/u><u><\/u><\/p>\n<p>Los j\u00f3venes trabajar\u00e1n principalmente en las \u00e1reas donde se han presentado impactos marinos, ya sea por la presencia de embarcaciones y da\u00f1os a los corales, as\u00ed como tambi\u00e9n la presencia e interacci\u00f3n humana a estas zonas de conservaci\u00f3n.<u><\/u><u><\/u><\/p>\n<p>Sobre este tema, el presidente de la Fundaci\u00f3n Benensa, Fernando Ponce D\u00edaz expres\u00f3 la importancia que tiene para la sociedad el que los j\u00f3venes estudiantes conozcan e impulsen este tipo de proyectos que son indispensables para la sustentabilidad de la vida marina, pero tambi\u00e9n para el propio ser humano.<u><\/u><u><\/u><\/p>\n<p>Dijo que esta es la quinta ocasi\u00f3n que la fundaci\u00f3n que preside impulsa este concurso, en la que participan estudiantes de las universidades de la pen\u00ednsula, pero tambi\u00e9n de Tabasco, Veracruz y Chiapas.<u><\/u><u><\/u><\/p>\n<p>La propuesta presentada por los estudiantes de la UADY es importante, repuso, porque realizar\u00e1n un trabajo de investigaci\u00f3n, pero tambi\u00e9n de concientizaci\u00f3n entre los pescadores de los litorales de Yucat\u00e1n, empresas tur\u00edsticas que visitan este parque nacional y tambi\u00e9n entre sectores de la sociedad que acuden a conocer este sitio protegido y cuyas reservas son un patrimonio de toda la sociedad.<u><\/u><u><\/u><\/p>\n<p>\u201cEs fundamental que los j\u00f3venes tengan una visi\u00f3n de alto impacto sobre las condiciones de nuestro medio ambiente y que tengan una preocupaci\u00f3n sobre las condiciones de mejora y propuestas para la conservaci\u00f3n y preservaci\u00f3n de estos sitios, que son vitales para la vida marina\u201d, coment\u00f3.<\/p>\n<p>Al respecto, el estudiante Luis Gasca Peralta record\u00f3 que hace unos meses se dio a conocer el resultado de la convocatoria, pero fue ahora que se formaliz\u00f3 la entrega del recurso para iniciar la ejecuci\u00f3n del proyecto que pondr\u00e1 mayor \u00e9nfasis en la promoci\u00f3n social en torno a los arrecifes.<u><\/u><u><\/u><\/p>\n<p>\u201cNuestro inter\u00e9s es captar la atenci\u00f3n de los visitantes del Parque Nacional para que conozcan m\u00e1s sobre los arrecifes y su importancia, as\u00ed como la conservaci\u00f3n, preservaci\u00f3n y restauraci\u00f3n de los mismos\u201d, manifest\u00f3.<u><\/u><u><\/u><\/p>\n<p>Gasca Peralta recalc\u00f3 que es fundamental que adem\u00e1s de investigadores y estudiantes, el inter\u00e9s por el cuidado de los arrecifes se extienda a la sociedad en general.<u><\/u><u><\/u><\/p>\n<p>\u201cLos arrecifes nos brindan servicios ambientales, ecol\u00f3gicos y econ\u00f3micos, adem\u00e1s de que son barrera de protecci\u00f3n ambiental frente a fen\u00f3menos meteorol\u00f3gicos\u201d, apunt\u00f3.<u><\/u><u><\/u><\/p>\n<p>Precis\u00f3 que el proyecto pondr\u00e1 mayor \u00e9nfasis en la conservaci\u00f3n de las especies Acropora palmate (cuerno de alce) y A cervicornis (cuerno de ciervo) ya que \u00e9stas son las primordiales y de mayor contacto con especies marinas, pero tambi\u00e9n se han visto m\u00e1s amenazadas.<u><\/u><u><\/u><\/p>\n<p>En su turno, Andrea S\u00e1nchez L\u00f3pez, tambi\u00e9n integrante del equipo ganador, manifest\u00f3 que con este proyecto tambi\u00e9n quieren generar que mayor inter\u00e9s de otros j\u00f3venes y profesionales con el fin de que las tareas de conservaci\u00f3n se multipliquen.<u><\/u><u><\/u><\/p>\n<p>Los alumnos cultivar\u00e1n unos 20 viveros de colonias de coral, principalmente de las dos especies antes mencionadas; trabajar\u00e1n con injertos corales y una vez que alcancen una talla adecuada ser\u00e1n trasplantadas a sitios impactados en donde previamente haya ocurrido un encallamiento.<u><\/u><u><\/u><\/p>\n<p>En el acto, el director del \u00c1rea Natural Protegida Arrecife Alacranes, Crist\u00f3bal C\u00e1ceres G. Cant\u00f3n, inform\u00f3 que la Comisi\u00f3n Nacional de \u00c1reas Naturales Protegidas trabaja en la actualizaci\u00f3n del programa de manejo y control de la zona para establecer medidas m\u00e1s estrictas sobre las actividades permitidas y prohibidas en \u00e9sta que es un \u00e1rea natural protegida de gran importancia para el pa\u00eds.<u><\/u><u><\/u><\/p>\n<p>Dicho parque nacional, que se incorpor\u00f3 en octubre del a\u00f1o 2006 a la Red Mundial de Reservas de la Bi\u00f3sfera del Programa sobre el Hombre y la Bi\u00f3sfera de la UNESCO, es un conjunto de peque\u00f1as islas de origen coralino localizadas en el Golfo de M\u00e9xico a una distancia aproximada de 130 km de la costa de Progreso.<u><\/u><u><\/u><\/p>\n<p>El arrecife Alacranes posee una elevada diversidad biol\u00f3gica y un gran potencial pesquero.<u><\/u><u><\/u><\/p>\n<p>De acuerdo con registros oficiales, en los \u00faltimos 20 a\u00f1os, el parque nacional ha sufrido 11 encallamientos que han da\u00f1ado en 100 metros c\u00fabicos a los arrecifes coralinos.<u><\/u><u><\/u><\/p>\n<p>Sobre los visitantes que recibe la zona, el director precis\u00f3 que en este a\u00f1o se ha recibido a un total de 10 mil personas, cifra que cumple con lo establecido al ser \u00e1rea natural protegida.<u><\/u><u><\/u><\/p>\n<p>Por \u00faltimo, record\u00f3 que los aspectos climatol\u00f3gicos son el principal factor que da\u00f1a a los arrecifes, sobre todo por las corrientes marinas que impactan de manera directa y m\u00e1s a\u00fan, en recientes fechas por la cadena de huracanes que se ha formado.<u><\/u><u><\/u><\/p>\n<p>Sin embargo, el factor antropog\u00e9nico derivado del encallamiento de embarcaciones mayores tambi\u00e9n alimenta de manera grave la fragmentaci\u00f3n de arrecifes.<\/p><\/p>\n","protected":false},"excerpt":{"rendered":"<p>Yucatecos presentaron un proyecto para realizar tareas de participaci\u00f3n social de conservaci\u00f3n.<\/p>\n","protected":false},"author":1018,"featured_media":0,"comment_status":"open","ping_status":"open","sticky":false,"template":"","format":"standard","meta":{"tdm_status":"","tdm_grid_status":"","footnotes":""},"categories":[21],"tags":[],"_links":{"self":[{"href":"https:\/\/dralvarez.com.mx\/larevista\/wp-json\/wp\/v2\/posts\/58425"}],"collection":[{"href":"https:\/\/dralvarez.com.mx\/larevista\/wp-json\/wp\/v2\/posts"}],"about":[{"href":"https:\/\/dralvarez.com.mx\/larevista\/wp-json\/wp\/v2\/types\/post"}],"author":[{"embeddable":true,"href":"https:\/\/dralvarez.com.mx\/larevista\/wp-json\/wp\/v2\/users\/1018"}],"replies":[{"embeddable":true,"href":"https:\/\/dralvarez.com.mx\/larevista\/wp-json\/wp\/v2\/comments?post=58425"}],"version-history":[{"count":0,"href":"https:\/\/dralvarez.com.mx\/larevista\/wp-json\/wp\/v2\/posts\/58425\/revisions"}],"wp:attachment":[{"href":"https:\/\/dralvarez.com.mx\/larevista\/wp-json\/wp\/v2\/media?parent=58425"}],"wp:term":[{"taxonomy":"category","embeddable":true,"href":"https:\/\/dralvarez.com.mx\/larevista\/wp-json\/wp\/v2\/categories?post=58425"},{"taxonomy":"post_tag","embeddable":true,"href":"https:\/\/dralvarez.com.mx\/larevista\/wp-json\/wp\/v2\/tags?post=58425"}],"curies":[{"name":"wp","href":"https:\/\/api.w.org\/{rel}","templated":true}]}}