{"id":58412,"date":"2017-09-29T00:00:00","date_gmt":"2017-09-29T06:00:00","guid":{"rendered":"https:\/\/dralvarez.com.mx\/larevista\/blog\/creer-en-mexico-hacer-mas-por-mexico-fundacion-bepensa-18007"},"modified":"2017-09-29T00:00:00","modified_gmt":"2017-09-29T06:00:00","slug":"creer-en-mexico-hacer-mas-por-mexico-fundacion-bepensa-18007","status":"publish","type":"post","link":"https:\/\/dralvarez.com.mx\/larevista\/yucatan\/creer-en-mexico-hacer-mas-por-mexico-fundacion-bepensa-18007","title":{"rendered":"Creer en M\u00e9xico, hacer m\u00e1s por M\u00e9xico: Fundaci\u00f3n Bepensa"},"content":{"rendered":"<p><\/p>\n<p>Especial\/ La Revista <\/p>\n<p>*****************************<br \/><b><i>\u201cNuestra filosof\u00eda siempre se ha enfocado en el bienestar de la gente, es uno de nuestros pilares. El bienestar de nuestros colaboradores, de los clientes y de la sociedad en general es nuestra prioridad\u201d<\/i><\/b><br \/>*********************************<\/p>\n<p>Luego de los sismos del pasado 7 y 19 de septiembre que afectaron a varios estados de la Rep\u00fablica, Grupo Bepensa puso a disposici\u00f3n de las v\u00edctimas, rescatistas, sociedad civil e instituciones de gobierno diversos mecanismos para brindar ayuda a quienes m\u00e1s lo necesitan. <br \/>\u201cBepensa es una empresa orgullosamente yucateca, y creemos que ese orgullo mexicano se demuestra con la solidaridad hacia nuestros hermanos y hermanas cuando m\u00e1s lo necesitan\u201d, coment\u00f3 Fernando Ponce, Presidente de Fundaci\u00f3n Bepensa, accionista y consejero de Bepensa en entrevista para La Revista.<br \/>De acuerdo con Ponce, los esfuerzos de Fundaci\u00f3n Bepensa se enfocan en acciones prioritarias y se habilitaron centros de acopio para la recolecci\u00f3n de v\u00edveres en todos nuestros lugares de trabajo de Grupo Bepensa. Hasta el momento, gracias a las aportaciones de la sociedad,  de los colaboradores de Bepensa, y de la propia empresa, se han juntado m\u00e1s de 10 toneladas de ayuda que est\u00e1n siendo distribuidos por Grupo Bepensa a la delegaci\u00f3n estatal de la Cruz Roja Mexicana. <br \/>\u201cPara nosotros en Fundaci\u00f3n Bepensa es importante utilizar todos nuestros recursos para ayudar; ante estos desastres no podemos escatimar. Por ello pusimos a disposici\u00f3n de la Cruz Roja de Yucat\u00e1n diversos camiones de Idealease, empresa de la divisi\u00f3n de Bepensa Motriz para la recolecta de los v\u00edveres dentro de la pen\u00ednsula de Yucat\u00e1n; y 2 tr\u00e1ileres con doble remolque para el transporte de v\u00edveres a las zonas afectadas\u201d. <br \/>En este mismo sentido, Bepensa envi\u00f3 maquinaria de construcci\u00f3n de la empresa Megarent para llevar a cabo la remoci\u00f3n de escombros en las zonas afectadas. \u201cLa amplia cobertura nacional de nuestra divisi\u00f3n motriz, nos permite contar con maquinaria de trabajo pesado en diferentes regiones del pa\u00eds, la cual hemos puesto a completa disposici\u00f3n de las autoridades correspondientes para las labores de limpieza y remoci\u00f3n de escombros\u201d, coment\u00f3 Ponce. Tambi\u00e9n confirm\u00f3 que han habilitado mecanismos de ayuda directa para albergues en Chiapas y Oaxaca.<br \/>Adem\u00e1s de estas acciones hacia el exterior, Grupo Bepensa est\u00e1 tambi\u00e9n llevando a cabo iniciativas internas. Una de ellas es la apertura de una cuenta especial para recibir donaciones por parte de los colaboradores, en la que por cada peso Bepensa pondr\u00e1 un tanto igual.<br \/>Por otro lado, a trav\u00e9s del programa de Voluntariado Empresarial, gran n\u00famero de colaboradores de Grupo Bepensa se sumaron a la causa donando su tiempo y esfuerzo, siempre trabajando de manera conjunta con la Cruz Roja en las diferentes labores de recolecci\u00f3n y armado de despensas para su entrega.<br \/>\u201cNuestra filosof\u00eda siempre se ha enfocado en el bienestar de la gente, es uno de nuestros pilares. El bienestar de nuestros colaboradores, de los clientes y de la sociedad en general es nuestra prioridad. Hoy son ellos los que nos necesitan; en estos momentos de crisis hemos visto lo mejor de la sociedad con su solidaridad, y nosotros siempre queremos apoyar y sumarnos a ese buen esp\u00edritu que nos identifica como mexicanos y como yucatecos\u201d afirm\u00f3 Ponce.<br \/>Ponce explic\u00f3 que con estos esfuerzos Grupo Bepensa, a trav\u00e9s de Fundaci\u00f3n Bepensa y sus dem\u00e1s divisiones, reafirma su compromiso por M\u00e9xico en los momentos m\u00e1s dif\u00edciles. Se\u00f1al\u00f3 que \u201ccomo grupo empresarial siempre hemos apostado por M\u00e9xico, y creer en M\u00e9xico es estar siempre en las buenas y las malas circunstancias, pero sobre todo, hacer m\u00e1s por M\u00e9xico, ayudar a recuperar la esperanza y trabajar por el pa\u00eds que tanto amamos\u201d.<\/p>\n","protected":false},"excerpt":{"rendered":"<p>Los esfuerzos de Fundaci\u00f3n Bepensa se enfocan en acciones prioritarias hasta el momento, gracias a las aportaciones de la sociedad, de los colaborador<\/p>\n","protected":false},"author":1018,"featured_media":0,"comment_status":"open","ping_status":"open","sticky":false,"template":"","format":"standard","meta":{"tdm_status":"","tdm_grid_status":"","footnotes":""},"categories":[21],"tags":[],"_links":{"self":[{"href":"https:\/\/dralvarez.com.mx\/larevista\/wp-json\/wp\/v2\/posts\/58412"}],"collection":[{"href":"https:\/\/dralvarez.com.mx\/larevista\/wp-json\/wp\/v2\/posts"}],"about":[{"href":"https:\/\/dralvarez.com.mx\/larevista\/wp-json\/wp\/v2\/types\/post"}],"author":[{"embeddable":true,"href":"https:\/\/dralvarez.com.mx\/larevista\/wp-json\/wp\/v2\/users\/1018"}],"replies":[{"embeddable":true,"href":"https:\/\/dralvarez.com.mx\/larevista\/wp-json\/wp\/v2\/comments?post=58412"}],"version-history":[{"count":0,"href":"https:\/\/dralvarez.com.mx\/larevista\/wp-json\/wp\/v2\/posts\/58412\/revisions"}],"wp:attachment":[{"href":"https:\/\/dralvarez.com.mx\/larevista\/wp-json\/wp\/v2\/media?parent=58412"}],"wp:term":[{"taxonomy":"category","embeddable":true,"href":"https:\/\/dralvarez.com.mx\/larevista\/wp-json\/wp\/v2\/categories?post=58412"},{"taxonomy":"post_tag","embeddable":true,"href":"https:\/\/dralvarez.com.mx\/larevista\/wp-json\/wp\/v2\/tags?post=58412"}],"curies":[{"name":"wp","href":"https:\/\/api.w.org\/{rel}","templated":true}]}}