{"id":58382,"date":"2017-09-29T00:00:00","date_gmt":"2017-09-29T06:00:00","guid":{"rendered":"https:\/\/dralvarez.com.mx\/larevista\/blog\/walmart-anuncia-950-mdp-para-yucatan-17975"},"modified":"2017-09-29T00:00:00","modified_gmt":"2017-09-29T06:00:00","slug":"walmart-anuncia-950-mdp-para-yucatan-17975","status":"publish","type":"post","link":"https:\/\/dralvarez.com.mx\/larevista\/yucatan\/walmart-anuncia-950-mdp-para-yucatan-17975","title":{"rendered":"Walmart anuncia 950 mdp para Yucat\u00e1n"},"content":{"rendered":"<\/p>\n<p>M\u00e9rida,<br \/>\nYucat\u00e1n, 28 de septiembre de 2017.- La inversi\u00f3n de Walmart de M\u00e9xico y<br \/>\nCentroam\u00e9rica para el estado ser\u00e1 de 950 millones de pesos, anunciaron<br \/>\ndirectivos de la compa\u00f1\u00eda en reuni\u00f3n encabezada por el titular de la Secretar\u00eda<br \/>\nde Fomento Econ\u00f3mico (Sefoe), Ernesto Herrera Novelo, en las instalaciones de<br \/>\nesta dependencia.<\/p>\n<p>La inversi\u00f3n para el establecimiento de su primer Centro de<br \/>\nDistribuci\u00f3n en la zona sur-sureste del pa\u00eds representa una ampliaci\u00f3n de 300<br \/>\nmillones de pesos respecto a lo anunciado a principios de julio, seg\u00fan se<br \/>\ninform\u00f3 durante la primera reuni\u00f3n de trabajo con representantes de instancias<br \/>\nestatales y federales, enfocadas en temas ambientales, laborales y de<br \/>\ndesarrollo urbano.<\/p>\n<p>Los representantes de la empresa destacaron que, con el incremento<br \/>\nen el monto, tambi\u00e9n se impacta en la generaci\u00f3n de empleos directos, mismos<br \/>\nque ascender\u00e1n a un estimado de 750 para distintos perfiles profesionales, como<br \/>\ningenieros en log\u00edstica y producci\u00f3n, montacarguistas y almacenistas.<\/p>\n<p>Por parte de Asuntos Corporativas de la firma, Claudia de la Vega<br \/>\napunt\u00f3 que Yucat\u00e1n fue elegido como sede de este recinto por su seguridad,<br \/>\nconectividad, recurso humano calificado y certeza jur\u00eddica, factores que les<br \/>\npermiten alcanzar los puntos contemplados en su proyecto de expansi\u00f3n.<\/p>\n<p>\u201cEstimamos que esta inversi\u00f3n se ejerza en su totalidad de aqu\u00ed al<br \/>\n2019, teniendo ya lo necesario para poder operar\u201d, se\u00f1al\u00f3 y, en ese mismo<br \/>\nsentido, detall\u00f3 que una vez concluido este plan, se contar\u00e1 con m\u00e1s de 85<br \/>\npuertas de recibo de carga. En los pr\u00f3ximos cinco a\u00f1os, el corporativo<br \/>\nespera sumar un total de 95 tiendas, aunado al crecimiento que tendr\u00e1 en esta<br \/>\nregi\u00f3n.<\/p>\n<p>Por su parte, Herrera Novelo agradeci\u00f3 a los representantes de la<br \/>\ncompa\u00f1\u00eda por continuar trabajando de la mano de las autoridades y destac\u00f3 la<br \/>\noportunidad de los empresarios locales de insertarse al cat\u00e1logo de la<br \/>\ncompa\u00f1\u00eda, as\u00ed como para quienes ya son proveedores de obtener una reducci\u00f3n en<br \/>\ncostos de flete y almacenamiento.<\/p>\n<p>Acudieron la directora de Relaciones Institucionales de la<br \/>\nempresa, Lourdes Montoya de la Isla; el gerente Divisional de la Comisi\u00f3n<br \/>\nFederal de Electricidad (CFE), Humberto Salda\u00f1a Rodr\u00edguez; el delegado del<br \/>\nInstituto Nacional de Antropolog\u00eda e Historia (INAH) en la entidad, Eduardo<br \/>\nL\u00f3pez Calzada; el titular de Servicios Legales y Vinculaci\u00f3n Institucional de<br \/>\nla Consejer\u00eda Jur\u00eddica, Ra\u00fal Pav\u00f3n Flores, y el presidente municipal de<br \/>\nKanas\u00edn, Carlos Moreno Maga\u00f1a.<\/p><\/p>\n","protected":false},"excerpt":{"rendered":"<p>La inversi\u00f3n de Walmart de M\u00e9xico y Centroam\u00e9rica para el estado ser\u00e1 de 950 millones de pesos, anunciaron directivos de la compa\u00f1\u00eda en reuni\u00f3n encabe<\/p>\n","protected":false},"author":1018,"featured_media":0,"comment_status":"open","ping_status":"open","sticky":false,"template":"","format":"standard","meta":{"tdm_status":"","tdm_grid_status":"","footnotes":""},"categories":[21],"tags":[],"_links":{"self":[{"href":"https:\/\/dralvarez.com.mx\/larevista\/wp-json\/wp\/v2\/posts\/58382"}],"collection":[{"href":"https:\/\/dralvarez.com.mx\/larevista\/wp-json\/wp\/v2\/posts"}],"about":[{"href":"https:\/\/dralvarez.com.mx\/larevista\/wp-json\/wp\/v2\/types\/post"}],"author":[{"embeddable":true,"href":"https:\/\/dralvarez.com.mx\/larevista\/wp-json\/wp\/v2\/users\/1018"}],"replies":[{"embeddable":true,"href":"https:\/\/dralvarez.com.mx\/larevista\/wp-json\/wp\/v2\/comments?post=58382"}],"version-history":[{"count":0,"href":"https:\/\/dralvarez.com.mx\/larevista\/wp-json\/wp\/v2\/posts\/58382\/revisions"}],"wp:attachment":[{"href":"https:\/\/dralvarez.com.mx\/larevista\/wp-json\/wp\/v2\/media?parent=58382"}],"wp:term":[{"taxonomy":"category","embeddable":true,"href":"https:\/\/dralvarez.com.mx\/larevista\/wp-json\/wp\/v2\/categories?post=58382"},{"taxonomy":"post_tag","embeddable":true,"href":"https:\/\/dralvarez.com.mx\/larevista\/wp-json\/wp\/v2\/tags?post=58382"}],"curies":[{"name":"wp","href":"https:\/\/api.w.org\/{rel}","templated":true}]}}