{"id":58368,"date":"2017-09-29T00:00:00","date_gmt":"2017-09-29T06:00:00","guid":{"rendered":"https:\/\/dralvarez.com.mx\/larevista\/blog\/firma-isstey-convenio-de-colaboracion-con-organismos-hermanos-17960"},"modified":"2017-09-29T00:00:00","modified_gmt":"2017-09-29T06:00:00","slug":"firma-isstey-convenio-de-colaboracion-con-organismos-hermanos-17960","status":"publish","type":"post","link":"https:\/\/dralvarez.com.mx\/larevista\/yucatan\/firma-isstey-convenio-de-colaboracion-con-organismos-hermanos-17960","title":{"rendered":"Firma Isstey convenio de colaboraci\u00f3n con organismos hermanos"},"content":{"rendered":"<p>San Francisco de Campeche, Campeche, 28 de septiembre de 2017.- Junto con la directora General del Instituto de Seguridad Social para los Trabajadores del Estado de Yucat\u00e1n (Isstey), Gabriela C\u00e1ceres Vergara, 21 titulares de organismos similares rindieron protesta durante la sesi\u00f3n de instalaci\u00f3n de la Organizaci\u00f3n Nacional de Instituciones Estatales de Seguridad Social (Oniess).<\/p>\n<p>Los funcionarios, reunidos para analizar la situaci\u00f3n de las pensiones en las entidades, tambi\u00e9n signaron un convenio de colaboraci\u00f3n con la Conferencia Interamericana de Seguridad Social y la Iniciativa de la Uni\u00f3n Europea para la Protecci\u00f3n Social en Cooperaci\u00f3n al Desarrollo (Socieux+).<\/p>\n<p>Contribuimos al fortalecimiento de la seguridad social para transformar nuestras instituciones y brindar mejores servicios, afirm\u00f3 el gobernador anfitri\u00f3n, Alejandro Moreno C\u00e1rdenas, al firmar como testigo de honor de este encuentro celebrado en el Centro de Convenciones Campeche Siglo XXI.<\/p>\n<p>Por su parte, el secretario General de la Conferencia, Omar de la Torre de la Mora, detall\u00f3 que expertos de todo el mundo buscan maneras viables de abordar el reto de las pensiones y el envejecimiento de la poblaci\u00f3n, en un escenario de l\u00edmites para los recursos presupuestales.<\/p>\n<p>A su vez, el coordinador de Protecci\u00f3n Social de Socieux+, Gianluca Portacolone, refrend\u00f3 el compromiso del \u00f3rgano que representa de continuar con su programa de asistencia t\u00e9cnica, establecido por EuropeAid para respaldar a los pa\u00edses socios en el dise\u00f1o y gesti\u00f3n de sus sistemas en la materia.<\/p>\n<p>Este respaldo se brinda mediante asesor\u00edas de corta duraci\u00f3n ofrecidas por expertos, principalmente de la administraci\u00f3n p\u00fablica de los estados miembros de la Uni\u00f3n Europea. Adem\u00e1s, profesionales de naciones afiliadas pueden aportar valor a\u00f1adido con esquemas de colaboraci\u00f3n.<\/p>\n<p>Las sesiones de trabajo concluir\u00e1n este jueves con la elecci\u00f3n de la presidencia de la Comisi\u00f3n Permanente de la Oniess, la presentaci\u00f3n y aprobaci\u00f3n del Plan de Trabajo 2018 de esta misma instancia, y la designaci\u00f3n de integrantes del Secretariado T\u00e9cnico.<\/p>\n<p>Por parte del Isstey, asistieron el subdirector de Pensiones y Gesti\u00f3n Financiera, Juan Sebasti\u00e1n Ancona Escalante; el jefe del Departamento de Jubilaciones y Pensiones, Gener Jos\u00e9 C\u00e1rdenas Flores, y la asesora Jur\u00eddica, Luc\u00eda S\u00e1nchez Villanueva.<\/p>\n","protected":false},"excerpt":{"rendered":"<p>Se constituye la Organizaci\u00f3n Nacional de Instituciones Estatales de Seguridad Social.<\/p>\n","protected":false},"author":1018,"featured_media":0,"comment_status":"open","ping_status":"open","sticky":false,"template":"","format":"standard","meta":{"tdm_status":"","tdm_grid_status":"","footnotes":""},"categories":[21],"tags":[],"_links":{"self":[{"href":"https:\/\/dralvarez.com.mx\/larevista\/wp-json\/wp\/v2\/posts\/58368"}],"collection":[{"href":"https:\/\/dralvarez.com.mx\/larevista\/wp-json\/wp\/v2\/posts"}],"about":[{"href":"https:\/\/dralvarez.com.mx\/larevista\/wp-json\/wp\/v2\/types\/post"}],"author":[{"embeddable":true,"href":"https:\/\/dralvarez.com.mx\/larevista\/wp-json\/wp\/v2\/users\/1018"}],"replies":[{"embeddable":true,"href":"https:\/\/dralvarez.com.mx\/larevista\/wp-json\/wp\/v2\/comments?post=58368"}],"version-history":[{"count":0,"href":"https:\/\/dralvarez.com.mx\/larevista\/wp-json\/wp\/v2\/posts\/58368\/revisions"}],"wp:attachment":[{"href":"https:\/\/dralvarez.com.mx\/larevista\/wp-json\/wp\/v2\/media?parent=58368"}],"wp:term":[{"taxonomy":"category","embeddable":true,"href":"https:\/\/dralvarez.com.mx\/larevista\/wp-json\/wp\/v2\/categories?post=58368"},{"taxonomy":"post_tag","embeddable":true,"href":"https:\/\/dralvarez.com.mx\/larevista\/wp-json\/wp\/v2\/tags?post=58368"}],"curies":[{"name":"wp","href":"https:\/\/api.w.org\/{rel}","templated":true}]}}