{"id":58366,"date":"2017-09-29T00:00:00","date_gmt":"2017-09-29T06:00:00","guid":{"rendered":"https:\/\/dralvarez.com.mx\/larevista\/blog\/bachilleres-de-tekax-se-suman-a-escudo-universitario-17958"},"modified":"2017-09-29T00:00:00","modified_gmt":"2017-09-29T06:00:00","slug":"bachilleres-de-tekax-se-suman-a-escudo-universitario-17958","status":"publish","type":"post","link":"https:\/\/dralvarez.com.mx\/larevista\/yucatan\/bachilleres-de-tekax-se-suman-a-escudo-universitario-17958","title":{"rendered":"Bachilleres de Tekax se suman a Escudo Universitario"},"content":{"rendered":"<\/p>\n<p>Tekax, Yucat\u00e1n, 28 de septiembre de 2017.- M\u00e1s de 500 alumnos del Centro de Bachillerato Tecnol\u00f3gico, Industrial y de Servicios (Cbtis) n\u00famero 193, ubicado en este municipio, se sumaron al programa Escudo Universitario, cuya finalidad es prevenir el delito y sus factores de riesgo para garantizar la paz social entre los j\u00f3venes.<\/p>\n<p>Como parte del ejercicio de comunicaci\u00f3n emprendido por el titular de la Secretar\u00eda General de Gobierno (SGG), Roberto Rodr\u00edguez Asaf, para sumar m\u00e1s voluntades a dicho esquema perteneciente a Escudo Yucat\u00e1n, la subsecretaria de Prevenci\u00f3n y Seguridad P\u00fablica, Martha G\u00f3ngora S\u00e1nchez, platic\u00f3 con estudiantes de ese plantel para dar a conocer los beneficios de la prevenci\u00f3n.<\/p>\n<p>Ante padres de familia, la funcionaria precis\u00f3 la importancia de que los j\u00f3venes le apuesten a un futuro donde puedan caminar tranquilamente por las calles, adem\u00e1s de aprovechar el privilegio de poder acudir a un colegio para completar su formaci\u00f3n acad\u00e9mica, lo cual no ocurre en otras entidades donde la violencia se ha apoderado de la sociedad en general.<\/p>\n<p>Con el respaldo de la directora del plantel, Maricela Chi Trujeque, G\u00f3ngora S\u00e1nchez afirm\u00f3 la importancia de que Yucat\u00e1n sea el estado m\u00e1s seguro del pa\u00eds, porque esta condici\u00f3n permite la llegada de empresas e inversiones al territorio, adem\u00e1s de la generaci\u00f3n de empleos.<\/p>\n<p>\u201cLa participaci\u00f3n ciudadana es muy importante en la suma de esfuerzos para cuidar y garantizar la seguridad de todos. Todos debemos tener una coincidencia, que es vivir en un estado seguro, y eso es lo que nos debe unir y sumar sin importar colores, pensamiento o religi\u00f3n. Debemos cuidar lo que hoy tenemos e incluso mejorarlo, y en eso, ustedes juegan un papel importante y trascendente&#8221;, asegur\u00f3.<\/p>\n<p>Para finalizar, destac\u00f3 la importancia de la familia y de valorar el esfuerzo de los padres, que brindan las herramientas suficientes a sus hijos para estudiar. Asimismo, pidi\u00f3 a los estudiantes que sean la diferencia del Yucat\u00e1n del ma\u00f1ana, \u201cya que de ustedes depende el futuro que quieran vivir y eso se construye d\u00eda con d\u00eda\u201d.<\/p>\n<p>Estuvieron presentes el comandante Juan Alberto Golib Moreno, director de la Polic\u00eda Municipal de Tekax, y Alejandro Ruiz \u00c1vila, regidor de Salud de esta demarcaci\u00f3n.<\/p><\/p>\n","protected":false},"excerpt":{"rendered":"<p>Participar\u00e1n en acciones para prevenir el delito.<\/p>\n","protected":false},"author":1018,"featured_media":0,"comment_status":"open","ping_status":"open","sticky":false,"template":"","format":"standard","meta":{"tdm_status":"","tdm_grid_status":"","footnotes":""},"categories":[21],"tags":[],"_links":{"self":[{"href":"https:\/\/dralvarez.com.mx\/larevista\/wp-json\/wp\/v2\/posts\/58366"}],"collection":[{"href":"https:\/\/dralvarez.com.mx\/larevista\/wp-json\/wp\/v2\/posts"}],"about":[{"href":"https:\/\/dralvarez.com.mx\/larevista\/wp-json\/wp\/v2\/types\/post"}],"author":[{"embeddable":true,"href":"https:\/\/dralvarez.com.mx\/larevista\/wp-json\/wp\/v2\/users\/1018"}],"replies":[{"embeddable":true,"href":"https:\/\/dralvarez.com.mx\/larevista\/wp-json\/wp\/v2\/comments?post=58366"}],"version-history":[{"count":0,"href":"https:\/\/dralvarez.com.mx\/larevista\/wp-json\/wp\/v2\/posts\/58366\/revisions"}],"wp:attachment":[{"href":"https:\/\/dralvarez.com.mx\/larevista\/wp-json\/wp\/v2\/media?parent=58366"}],"wp:term":[{"taxonomy":"category","embeddable":true,"href":"https:\/\/dralvarez.com.mx\/larevista\/wp-json\/wp\/v2\/categories?post=58366"},{"taxonomy":"post_tag","embeddable":true,"href":"https:\/\/dralvarez.com.mx\/larevista\/wp-json\/wp\/v2\/tags?post=58366"}],"curies":[{"name":"wp","href":"https:\/\/api.w.org\/{rel}","templated":true}]}}