{"id":58356,"date":"2017-09-28T00:00:00","date_gmt":"2017-09-28T06:00:00","guid":{"rendered":"https:\/\/dralvarez.com.mx\/larevista\/blog\/la-marcha-del-desarrollo-en-yucatan-no-debe-detenerse-17948"},"modified":"2017-09-28T00:00:00","modified_gmt":"2017-09-28T06:00:00","slug":"la-marcha-del-desarrollo-en-yucatan-no-debe-detenerse-17948","status":"publish","type":"post","link":"https:\/\/dralvarez.com.mx\/larevista\/yucatan\/la-marcha-del-desarrollo-en-yucatan-no-debe-detenerse-17948","title":{"rendered":"La marcha del desarrollo en Yucat\u00e1n no debe detenerse"},"content":{"rendered":"<\/p>\n<p>Tekant\u00f3, Yucat\u00e1n, 28 de septiembre de 2017.- Es medio d\u00eda, Mar\u00eda Lugo Chin hace una pausa a su venta de carne de puerco y recuerda que desde hace 50 a\u00f1os el abuelo de su esposo, Rafael Canto Marrufo, comenz\u00f3 a vender en ese mismo espacio del mercado municipal.<\/p>\n<p>Relat\u00f3 que para su familia el puesto de venta ha significado la oportunidad de obtener un ingreso y el inicio de los trabajos de rehabilitaci\u00f3n de ese centro de abasto representa contar con un inmueble m\u00e1s funcional y atractivo para la clientela.<\/p>\n<p>\u201cEs una realidad que ya hac\u00eda falta que mejore este que es nuestro lugar de trabajo y estamos muy felices de que podamos tener mejores condiciones para seguir trabajando por muchos a\u00f1os m\u00e1s\u201d, expres\u00f3.<\/p>\n<p>Al poner en marcha la remodelaci\u00f3n del mercado, el titular de la Secretar\u00eda de Desarrollo Social (Sedesol), Mauricio Sahu\u00ed Rivero, detr\u00e1s de cada obra existe un esfuerzo de gesti\u00f3n de los recursos de los tres \u00f3rdenes de gobierno que trabajaron en equipo.<\/p>\n<p>El proyecto incluye la mejora del \u00e1rea de mercado de carnes y frutas, el forrado de mesetas, nueva iluminaci\u00f3n y ventiladores, obras &nbsp;con una inversi\u00f3n superior a los 2 millones de pesos provenientes de recursos del Ramo 23.<\/p>\n<p>\u201cBajo la visi\u00f3n de mejorar para vivir con bienestar, Yucat\u00e1n paso a paso cambia su realidad con el esfuerzo de todas y todos, en cada municipio y en cada localidad. No debe detenerse esa marcha\u201d, manifest\u00f3.<\/p>\n<p>Acompa\u00f1ado de la alcaldesa de Tekant\u00f3, Liliana Araujo Lara, el funcionario estatal reiter\u00f3 el compromiso de continuar trabajando sobre la ruta trazada que permite a Yucat\u00e1n ser el estado m\u00e1s seguro del pa\u00eds, con un crecimiento econ\u00f3mico importante y que atiende el combate a las carencias sociales.<\/p>\n<p>\u201cLo m\u00e1s importante es que por muchos a\u00f1os continu\u00e9 este camino que mantiene a la entidad en un desarrollo constante y que genera el bienestar de las familias yucatecas\u201d, manifest\u00f3.<\/p>\n<p>Araujo Lara se\u00f1al\u00f3 que adem\u00e1s de la nueva imagen del mercado municipal, tambi\u00e9n se realizar\u00e1 la remodelaci\u00f3n del parque principal, obras que fueron pensadas y planeadas ante las demandas ciudadanas para el beneficio de la comunidad y su desarrollo.<\/p>\n<p>Sahu\u00ed Rivero recorri\u00f3 las instalaciones y dialog\u00f3 con los locatarios que se congratularon con los trabajos emprendidos.<\/p>\n<p><\/p>\n","protected":false},"excerpt":{"rendered":"<p>M\u00e1s obras de infraestructura en municipios yucatecos<\/p>\n","protected":false},"author":1018,"featured_media":0,"comment_status":"open","ping_status":"open","sticky":false,"template":"","format":"standard","meta":{"tdm_status":"","tdm_grid_status":"","footnotes":""},"categories":[21],"tags":[],"_links":{"self":[{"href":"https:\/\/dralvarez.com.mx\/larevista\/wp-json\/wp\/v2\/posts\/58356"}],"collection":[{"href":"https:\/\/dralvarez.com.mx\/larevista\/wp-json\/wp\/v2\/posts"}],"about":[{"href":"https:\/\/dralvarez.com.mx\/larevista\/wp-json\/wp\/v2\/types\/post"}],"author":[{"embeddable":true,"href":"https:\/\/dralvarez.com.mx\/larevista\/wp-json\/wp\/v2\/users\/1018"}],"replies":[{"embeddable":true,"href":"https:\/\/dralvarez.com.mx\/larevista\/wp-json\/wp\/v2\/comments?post=58356"}],"version-history":[{"count":0,"href":"https:\/\/dralvarez.com.mx\/larevista\/wp-json\/wp\/v2\/posts\/58356\/revisions"}],"wp:attachment":[{"href":"https:\/\/dralvarez.com.mx\/larevista\/wp-json\/wp\/v2\/media?parent=58356"}],"wp:term":[{"taxonomy":"category","embeddable":true,"href":"https:\/\/dralvarez.com.mx\/larevista\/wp-json\/wp\/v2\/categories?post=58356"},{"taxonomy":"post_tag","embeddable":true,"href":"https:\/\/dralvarez.com.mx\/larevista\/wp-json\/wp\/v2\/tags?post=58356"}],"curies":[{"name":"wp","href":"https:\/\/api.w.org\/{rel}","templated":true}]}}