{"id":58354,"date":"2017-09-28T00:00:00","date_gmt":"2017-09-28T06:00:00","guid":{"rendered":"https:\/\/dralvarez.com.mx\/larevista\/blog\/aspirantes-a-candidaturas-independientes-ven-trabas-para-su-postulacion-17946"},"modified":"2017-09-28T00:00:00","modified_gmt":"2017-09-28T06:00:00","slug":"aspirantes-a-candidaturas-independientes-ven-trabas-para-su-postulacion-17946","status":"publish","type":"post","link":"https:\/\/dralvarez.com.mx\/larevista\/yucatan\/aspirantes-a-candidaturas-independientes-ven-trabas-para-su-postulacion-17946","title":{"rendered":"Aspirantes a candidaturas independientes ven trabas para su postulaci\u00f3n"},"content":{"rendered":"<\/p>\n<p>M\u00e9rida, Yucat\u00e1n; 28 de septiembre de 2017 (ACOM).- Ciudadanos ajenos a partidos pol\u00edticos se mostraron en contra de la convocatoria emitida por el Instituto Electoral y de Participaci\u00f3n Ciudadana para la postulaci\u00f3n de candidatos independientes a cargos de elecci\u00f3n popular para el siguiente proceso electoral.<u><\/u><u><\/u><\/p>\n<p>Varios ciudadanos con intenciones de participar en este proceso se\u00f1alaron que dicha convocatoria limita a quienes quieran acceder a una candidatura independiente, coartando el derecho de todos los ciudadanos de votar y ser votados, pues se\u00f1alaron que pareciera que est\u00e1 hecha para seguir apoyando a los partidos pol\u00edticos.<u><\/u><u><\/u><\/p>\n<p>Al respecto, Ernesto Maur\u00edn Guerrero, uno de los interesados, se\u00f1al\u00f3 que las principales trabas van desde que los interesados tienen que conformar una asociaci\u00f3n civil hasta los tiempos en los que tienen que entregar las miles de firmas que se les solicita para acceder a una candidatura.<u><\/u><u><\/u><\/p>\n<p>Extern\u00f3 que esta situaci\u00f3n afecta a quienes se interesen por participar, pues tienen que recabar de unas 3 mil hasta m\u00e1s de 20 mil, dependiendo del cargo al que deseen postularse.<u><\/u><u><\/u><\/p>\n<p>Extern\u00f3 que los tiempos establecidos por el Iepac, que van de diciembre a febrero para obtener las firmas, limitan de manera importante la labor.<u><\/u><u><\/u><\/p>\n<p>&#8220;Lo ideal es que los ciudadanos est\u00e9n pendientes de esto, que seamos cr\u00edticos y que empecemos a tener mayor participaci\u00f3n, pues esto ser\u00e1 una gran diferencia&#8221;, apunt\u00f3.<u><\/u><u><\/u><\/p>\n<p>Por su parte, Christian Cetina mencion\u00f3 que la convocatoria pareciera obligar a los ciudadanos a conformar una estructura parecida a un partido pol\u00edtico, puesto que es algo que requerir\u00eda la petici\u00f3n de &#8220;favores&#8221; como los que realizan los militantes de alg\u00fan organismo.<u><\/u><u><\/u><\/p>\n<p>Sin embargo, ambos mencionaron que esto no ser\u00eda un impedimento para que varios ciudadanos inicien los tr\u00e1mites para obtener alguna candidatura, pues existe un importante inter\u00e9s para que esto sea una realidad.<u><\/u><u><\/u><\/p>\n<p>Los interesados tienen hasta el 13 de noviembre para registrarse ante la autoridad electoral sobre sus intenciones de participar.<u><\/u><u><\/u><\/p>\n<p>Se sabe que dentro de las propuestas se encuentran interesados para contender por alcald\u00edas y diputaciones locales.<\/p>\n<p><\/p>\n","protected":false},"excerpt":{"rendered":"<p>Ciudadanos aseguran que la convocatoria limita a las personas que no pertenecen a un partido pol\u00edtico.<\/p>\n","protected":false},"author":1018,"featured_media":0,"comment_status":"open","ping_status":"open","sticky":false,"template":"","format":"standard","meta":{"tdm_status":"","tdm_grid_status":"","footnotes":""},"categories":[21],"tags":[],"_links":{"self":[{"href":"https:\/\/dralvarez.com.mx\/larevista\/wp-json\/wp\/v2\/posts\/58354"}],"collection":[{"href":"https:\/\/dralvarez.com.mx\/larevista\/wp-json\/wp\/v2\/posts"}],"about":[{"href":"https:\/\/dralvarez.com.mx\/larevista\/wp-json\/wp\/v2\/types\/post"}],"author":[{"embeddable":true,"href":"https:\/\/dralvarez.com.mx\/larevista\/wp-json\/wp\/v2\/users\/1018"}],"replies":[{"embeddable":true,"href":"https:\/\/dralvarez.com.mx\/larevista\/wp-json\/wp\/v2\/comments?post=58354"}],"version-history":[{"count":0,"href":"https:\/\/dralvarez.com.mx\/larevista\/wp-json\/wp\/v2\/posts\/58354\/revisions"}],"wp:attachment":[{"href":"https:\/\/dralvarez.com.mx\/larevista\/wp-json\/wp\/v2\/media?parent=58354"}],"wp:term":[{"taxonomy":"category","embeddable":true,"href":"https:\/\/dralvarez.com.mx\/larevista\/wp-json\/wp\/v2\/categories?post=58354"},{"taxonomy":"post_tag","embeddable":true,"href":"https:\/\/dralvarez.com.mx\/larevista\/wp-json\/wp\/v2\/tags?post=58354"}],"curies":[{"name":"wp","href":"https:\/\/api.w.org\/{rel}","templated":true}]}}