{"id":58353,"date":"2017-09-28T00:00:00","date_gmt":"2017-09-28T06:00:00","guid":{"rendered":"https:\/\/dralvarez.com.mx\/larevista\/blog\/hallan-otro-delfin-muerto-en-playa-de-progreso-17945"},"modified":"2017-09-28T00:00:00","modified_gmt":"2017-09-28T06:00:00","slug":"hallan-otro-delfin-muerto-en-playa-de-progreso-17945","status":"publish","type":"post","link":"https:\/\/dralvarez.com.mx\/larevista\/yucatan\/hallan-otro-delfin-muerto-en-playa-de-progreso-17945","title":{"rendered":"Hallan otro delf\u00edn muerto en playa de Progreso"},"content":{"rendered":"<\/p>\n<p>M\u00e9rida, Yucat\u00e1n; 28 de septiembre de 2017 (ACOM).- Otro delf\u00edn recal\u00f3 en las costas de Yucat\u00e1n, esta vez, al malec\u00f3n del puerto de Progreso.<u><\/u><u><\/u><\/p>\n<p>Seg\u00fan se averigu\u00f3, el cet\u00e1ceo fue hallado ayer por la tarde de ayer, por lo que se notific\u00f3 a la Direcci\u00f3n de Ecolog\u00eda, dependencia que tom\u00f3 conocimiento del varamiento.<u><\/u><u><\/u><\/p>\n<p>El organismo mide aproximadamente 1.7 metros de longitud y ten\u00eda unos 90 kilos de peso.<u><\/u><u><\/u><\/p>\n<p>En \u00e9l delf\u00edn se pueden ver huellas de ataques de depredadores, aunque no se puede determinar si esto le caus\u00f3 la muerte.<u><\/u><u><\/u><\/p>\n<p>Personal de dicha dependencia se encarg\u00f3 de rescatar al ejemplar, adem\u00e1s de que se procedi\u00f3 a enterrarlo en un sitio seguro para su resguardo, en lo que se le realiza la necropsia de rigor.<u><\/u><u><\/u><\/p>\n<p>Con este delf\u00edn ya van m\u00e1s de 10 varamientos de mam\u00edferos marinos contabilizado en la costa de Yucat\u00e1n, lista que incluye a un manat\u00ed.<\/p>\n<p><\/p>\n","protected":false},"excerpt":{"rendered":"<p>Con este ya suman m\u00e1s de 10 varamientos en lo que va del a\u00f1o.<\/p>\n","protected":false},"author":1018,"featured_media":0,"comment_status":"open","ping_status":"open","sticky":false,"template":"","format":"standard","meta":{"tdm_status":"","tdm_grid_status":"","footnotes":""},"categories":[21],"tags":[],"_links":{"self":[{"href":"https:\/\/dralvarez.com.mx\/larevista\/wp-json\/wp\/v2\/posts\/58353"}],"collection":[{"href":"https:\/\/dralvarez.com.mx\/larevista\/wp-json\/wp\/v2\/posts"}],"about":[{"href":"https:\/\/dralvarez.com.mx\/larevista\/wp-json\/wp\/v2\/types\/post"}],"author":[{"embeddable":true,"href":"https:\/\/dralvarez.com.mx\/larevista\/wp-json\/wp\/v2\/users\/1018"}],"replies":[{"embeddable":true,"href":"https:\/\/dralvarez.com.mx\/larevista\/wp-json\/wp\/v2\/comments?post=58353"}],"version-history":[{"count":0,"href":"https:\/\/dralvarez.com.mx\/larevista\/wp-json\/wp\/v2\/posts\/58353\/revisions"}],"wp:attachment":[{"href":"https:\/\/dralvarez.com.mx\/larevista\/wp-json\/wp\/v2\/media?parent=58353"}],"wp:term":[{"taxonomy":"category","embeddable":true,"href":"https:\/\/dralvarez.com.mx\/larevista\/wp-json\/wp\/v2\/categories?post=58353"},{"taxonomy":"post_tag","embeddable":true,"href":"https:\/\/dralvarez.com.mx\/larevista\/wp-json\/wp\/v2\/tags?post=58353"}],"curies":[{"name":"wp","href":"https:\/\/api.w.org\/{rel}","templated":true}]}}