{"id":58352,"date":"2017-09-28T00:00:00","date_gmt":"2017-09-28T06:00:00","guid":{"rendered":"https:\/\/dralvarez.com.mx\/larevista\/blog\/presupuesto-para-yucatan-podria-reducirse-por-ajustes-tras-emergencia-nacional-17944"},"modified":"2017-09-28T00:00:00","modified_gmt":"2017-09-28T06:00:00","slug":"presupuesto-para-yucatan-podria-reducirse-por-ajustes-tras-emergencia-nacional-17944","status":"publish","type":"post","link":"https:\/\/dralvarez.com.mx\/larevista\/yucatan\/presupuesto-para-yucatan-podria-reducirse-por-ajustes-tras-emergencia-nacional-17944","title":{"rendered":"Presupuesto para Yucat\u00e1n podr\u00eda reducirse por ajustes tras emergencia nacional"},"content":{"rendered":"<\/p>\n<p>M\u00e9rida, Yucat\u00e1n; 28 de septiembre de 2017 (ACOM).- El presupuesto estatal para el 2018 podr\u00eda reducirse significativamente ante los ajustes que requiere el gobierno federal para la urgencia nacional de atender la coyuntura por los sismos y huracanes, se\u00f1al\u00f3 Gustavo Cisneros Buenfil, presidente del Consejo Patronal de la Rep\u00fablica Mexicana (Coparmex).<\/p>\n<p>El dirigente empresarial se\u00f1al\u00f3 que el techo financiero de Yucat\u00e1n en 2017, fue de 38 mil millones de pesos y que el siguiente a\u00f1o podr\u00eda disminuir debido a las necesidades del gobierno federal.<\/p>\n<p>\u201cLos requerimientos de m\u00e1s de 39 mil millones, establecidos en p\u00e9rdidas por los da\u00f1os de huracanes y sismos de septiembre podr\u00eda obligar a ajustar el presupuesto de los estados a la baja\u201d, puntualiz\u00f3.<\/p>\n<p>Tenemos que entender, dijo, que estamos en un periodo especial, es una coyuntura dif\u00edcil para el gobierno y va a afectar a los sectores productivos, porque ya de por s\u00ed, se hab\u00eda anunciado una reducci\u00f3n de m\u00e1s de 100 mil millones al presupuesto y ahora con esta serie de requerimientos, el gobierno deber\u00e1 establecer prioridades.<\/p>\n<p>&nbsp;\u201cQuiero pensar que lo m\u00e1s importante es acudir en auxilio de los m\u00e1s necesitados en este momento\u201d, subray\u00f3.<\/p>\n<p>Gustavo Cisneros expuso que la tendencia del gobierno ha sido la de reducir la inversi\u00f3n en infraestructura, \u201ceste problema impacta al crecimiento de los estados y del pa\u00eds\u201d.<\/p>\n<p>\u201cEn este momento ser\u00e1 necesario que el gobierno reduzca de manera real su gasto burocr\u00e1tico, con ello, aplicar medidas a gastos onerosos y sin resultados como ha sido los medios de comunicaci\u00f3n que suman unos 9 mil millones de pesos al erario federal y 300 millones al estatal\u201d, opin\u00f3.<\/p>\n<p>Es preciso establecer, recalc\u00f3, que el gobierno juntar\u00e1 entre el Fondo Nacional de Desastres, el pago de seguros y coberturas generales unos 22 mil millones de pesos; sin embargo el requerimiento para atender a los damnificados supera el orden de los 67 mil millones de pesos y deber\u00e1 ajustarlos y tomarlos de alguna parte para atender esta demanda.<\/p>\n<p>Cisneros Buenfil expuso que en las condiciones actuales hay que plantearse condiciones reales, \u201ces decir reducir el gasto operativo de los partidos pol\u00edticos en un a\u00f1o electoral, apretar el cintur\u00f3n en gastos superfluos y clarificar de manera pormenorizada el ejercicio de los recursos p\u00fablicos para atender a las personas que est\u00e1n reclamando esta ayuda\u201d.<\/p>\n<p>Un ejemplo de la afectaci\u00f3n, dijo, es que podr\u00eda postergarse la resoluci\u00f3n sobre la Zona Econ\u00f3mica Especial de Progreso hasta 2018 porque ahora las necesidades son otras.<\/p>\n<p>\u201cHay que entender que hay muchas personas afectadas por estos desastres, los cuales han dejado sin hogar a miles de familias y es preciso solidarizarse y entender que ellos son m\u00e1s importantes en este momento\u201d, puntualiz\u00f3.<\/p>\n<p><\/p>\n","protected":false},"excerpt":{"rendered":"<p>Gustavo Cisneros Buenfil reconoci\u00f3 que vienen tiempos complicados para los sectores productivos.<\/p>\n","protected":false},"author":1018,"featured_media":0,"comment_status":"open","ping_status":"open","sticky":false,"template":"","format":"standard","meta":{"tdm_status":"","tdm_grid_status":"","footnotes":""},"categories":[21],"tags":[],"_links":{"self":[{"href":"https:\/\/dralvarez.com.mx\/larevista\/wp-json\/wp\/v2\/posts\/58352"}],"collection":[{"href":"https:\/\/dralvarez.com.mx\/larevista\/wp-json\/wp\/v2\/posts"}],"about":[{"href":"https:\/\/dralvarez.com.mx\/larevista\/wp-json\/wp\/v2\/types\/post"}],"author":[{"embeddable":true,"href":"https:\/\/dralvarez.com.mx\/larevista\/wp-json\/wp\/v2\/users\/1018"}],"replies":[{"embeddable":true,"href":"https:\/\/dralvarez.com.mx\/larevista\/wp-json\/wp\/v2\/comments?post=58352"}],"version-history":[{"count":0,"href":"https:\/\/dralvarez.com.mx\/larevista\/wp-json\/wp\/v2\/posts\/58352\/revisions"}],"wp:attachment":[{"href":"https:\/\/dralvarez.com.mx\/larevista\/wp-json\/wp\/v2\/media?parent=58352"}],"wp:term":[{"taxonomy":"category","embeddable":true,"href":"https:\/\/dralvarez.com.mx\/larevista\/wp-json\/wp\/v2\/categories?post=58352"},{"taxonomy":"post_tag","embeddable":true,"href":"https:\/\/dralvarez.com.mx\/larevista\/wp-json\/wp\/v2\/tags?post=58352"}],"curies":[{"name":"wp","href":"https:\/\/api.w.org\/{rel}","templated":true}]}}