{"id":58351,"date":"2017-09-28T00:00:00","date_gmt":"2017-09-28T06:00:00","guid":{"rendered":"https:\/\/dralvarez.com.mx\/larevista\/blog\/centro-internacional-de-congresos-en-su-etapa-final-de-construccion-17943"},"modified":"2017-09-28T00:00:00","modified_gmt":"2017-09-28T06:00:00","slug":"centro-internacional-de-congresos-en-su-etapa-final-de-construccion-17943","status":"publish","type":"post","link":"https:\/\/dralvarez.com.mx\/larevista\/yucatan\/centro-internacional-de-congresos-en-su-etapa-final-de-construccion-17943","title":{"rendered":"Centro Internacional de Congresos, en su etapa final de construcci\u00f3n"},"content":{"rendered":"<\/p>\n<p>M\u00e9rida, Yucat\u00e1n, 28 de septiembre de 2017.- Con el revestimiento interno de paredes y techos, as\u00ed como con la colocaci\u00f3n de pisos, alfombras y canceler\u00eda interior, adem\u00e1s de la instalaci\u00f3n de equipamiento el\u00e9ctrico, contra incendios y de voz y datos, el Centro Internacional de Congresos de Yucat\u00e1n Powered by Samsung est\u00e1 en fase de acabados y se alista para entrar en funciones durante el primer trimestre del pr\u00f3ximo a\u00f1o. <u><\/u><u><\/u><\/p>\n<p>En una visita al nuevo edificio, que se complementar\u00e1 con la modernizaci\u00f3n de las avenidas Col\u00f3n y Cupules, as\u00ed como de las calles 60 y 62 de esta ciudad, el coordinador General de Asesores del Gobierno del Estado, Eric Rubio Barthell, constat\u00f3 el avance de los trabajos y las condiciones de seguridad con las que cuenta el personal encargado de la construcci\u00f3n del inmueble.<u><\/u><u><\/u><\/p>\n<p>Al respecto, se explic\u00f3 que desde el inicio del proyecto se design\u00f3 una Comisi\u00f3n de Seguridad e Higiene, que vigila que la plantilla cuente con el equipamiento necesario para proteger su integridad como casco, chalecos y cables de vida, y se cumplan las normas correspondientes para evitar accidentes.<u><\/u><u><\/u><\/p>\n<p>Acompa\u00f1ado del secretario de Obras P\u00fablicas, Daniel Quintal Ic, Rubio Barthell supervis\u00f3 en la planta baja el sal\u00f3n principal donde se instalar\u00e1n cerca de dos mil 500 metros cuadrados de sonomuros m\u00f3viles que dividir\u00e1n este espacio con capacidad para seis mil personas en seis distintos salones para mil asistentes cada uno y hasta en 12 para 500.<u><\/u><u><\/u><\/p>\n<p>Se detall\u00f3 tambi\u00e9n que en la planta alta habr\u00e1 dos salones para dos mil concurrentes respectivamente, los cuales se pueden organizar hasta en 16 espacios para actividades simult\u00e1neas, con todos los servicios generales y lo necesario para cualquier tama\u00f1o de evento.<u><\/u><u><\/u><\/p>\n<p>Al abundar en los avances, Quintal Ic precis\u00f3 que en el caso de los techos se opt\u00f3 por colocar un material especial a prueba de humedad y hongos. Con esto, se garantiza que no se da\u00f1ar\u00e1n por los efectos del aire acondicionado.<u><\/u><u><\/u><\/p>\n<p>Durante el recorrido por el \u00e1rea donde estar\u00e1 el mezzanine de 560 metros cuadrados, con seis oficinas para el comit\u00e9 organizador, el funcionario subray\u00f3 que de igual manera ya se trabaja en la colocaci\u00f3n de las pantallas informativas donde estar\u00e1n los horarios y el nombre de los salones donde se realizar\u00e1 cada acto. &nbsp;<u><\/u><u><\/u><\/p>\n<p>En cuanto al exterior de la obra, agreg\u00f3 que solo faltan las banquetas, andadores y pintura, lo que se prev\u00e9 que est\u00e9 listo a finales de este a\u00f1o. <\/p>\n<p><\/p>\n","protected":false},"excerpt":{"rendered":"<p>El personal trabaja en los acabados y equipamiento del lugar.<\/p>\n","protected":false},"author":1018,"featured_media":0,"comment_status":"open","ping_status":"open","sticky":false,"template":"","format":"standard","meta":{"tdm_status":"","tdm_grid_status":"","footnotes":""},"categories":[21],"tags":[],"_links":{"self":[{"href":"https:\/\/dralvarez.com.mx\/larevista\/wp-json\/wp\/v2\/posts\/58351"}],"collection":[{"href":"https:\/\/dralvarez.com.mx\/larevista\/wp-json\/wp\/v2\/posts"}],"about":[{"href":"https:\/\/dralvarez.com.mx\/larevista\/wp-json\/wp\/v2\/types\/post"}],"author":[{"embeddable":true,"href":"https:\/\/dralvarez.com.mx\/larevista\/wp-json\/wp\/v2\/users\/1018"}],"replies":[{"embeddable":true,"href":"https:\/\/dralvarez.com.mx\/larevista\/wp-json\/wp\/v2\/comments?post=58351"}],"version-history":[{"count":0,"href":"https:\/\/dralvarez.com.mx\/larevista\/wp-json\/wp\/v2\/posts\/58351\/revisions"}],"wp:attachment":[{"href":"https:\/\/dralvarez.com.mx\/larevista\/wp-json\/wp\/v2\/media?parent=58351"}],"wp:term":[{"taxonomy":"category","embeddable":true,"href":"https:\/\/dralvarez.com.mx\/larevista\/wp-json\/wp\/v2\/categories?post=58351"},{"taxonomy":"post_tag","embeddable":true,"href":"https:\/\/dralvarez.com.mx\/larevista\/wp-json\/wp\/v2\/tags?post=58351"}],"curies":[{"name":"wp","href":"https:\/\/api.w.org\/{rel}","templated":true}]}}