{"id":58350,"date":"2017-09-28T00:00:00","date_gmt":"2017-09-28T06:00:00","guid":{"rendered":"https:\/\/dralvarez.com.mx\/larevista\/blog\/alianza-entre-pablo-gamboa-arbitros-asociaciones-y-promotores-para-la-capacitacion-deportiva-en-yucatan-17942"},"modified":"2017-09-28T00:00:00","modified_gmt":"2017-09-28T06:00:00","slug":"alianza-entre-pablo-gamboa-arbitros-asociaciones-y-promotores-para-la-capacitacion-deportiva-en-yucatan-17942","status":"publish","type":"post","link":"https:\/\/dralvarez.com.mx\/larevista\/yucatan\/alianza-entre-pablo-gamboa-arbitros-asociaciones-y-promotores-para-la-capacitacion-deportiva-en-yucatan-17942","title":{"rendered":"Alianza entre Pablo Gamboa, \u00e1rbitros, asociaciones y promotores, para la capacitaci\u00f3n deportiva en Yucat\u00e1n"},"content":{"rendered":"<\/p>\n<p>&#8220;Qu\u00e9 mejor que Pablo Gamboa est\u00e9 aqu\u00ed con nosotros, pues adem\u00e1s de escuchar puede resolver las necesidades y abre espacios para que las agrupaciones expresen sus inquietudes\u201d, expres\u00f3 Roque Ferreiro Albertos, director de Deporte Federado.<\/p>\n<p>Ello tras el encuentro de trabajo entre asociaciones deportivas, el Colegio de \u00c1rbitros y el Legislador yucateco. Reuni\u00f3n en la que se abordaron temas de relevancia para el desarrollo de las disciplinas f\u00edsicas.<\/p>\n<p>Promotores de f\u00fatbol, basquetbol y de tenis de mesa, tambi\u00e9n coincidieron al se\u00f1alar que la capacitaci\u00f3n es la principal inquietud que comparten tanto jugadores como quienes se dedican al arbitraje.<\/p>\n<p>Raz\u00f3n por la cual solicitaron a Pablo Gamboa su apoyo para consolidar talleres o las llamadas cl\u00ednicas para la preparaci\u00f3n y actualizaci\u00f3n continua de quienes tienen la responsabilidad de vigilar que no se rompan las reglas durante los partidos, torneos y justas deportivas.<\/p>\n<p>En respuesta, el Presidente de la Comisi\u00f3n de Deporte del Congreso de la Uni\u00f3n ofreci\u00f3 que ante las instancias respectivas gestionar\u00e1 y promover\u00e1 la creaci\u00f3n de un \u00e1rea para la capacitaci\u00f3n y certificaci\u00f3n peri\u00f3dica de los \u00e1rbitros.<\/p>\n<p>&#8220;Los resultados recientes que nuestros deportistas yucatecos obtuvieron en la Olimpiada Nacional son muestra del gran trabajo, del que ustedes son parte fundamental, para consolidar la pr\u00e1ctica y activaci\u00f3n f\u00edsica en nuestro Estado&#8221;, se\u00f1al\u00f3.<\/p>\n<p>Pablo Gamboa destac\u00f3 que el hist\u00f3rico cuarto lugar de Yucat\u00e1n en la Olimpiada Nacional 2017 hace m\u00e1s fuerte el compromiso y es un llamado a mantener la din\u00e1mica por el desarrollo y profesionalizaci\u00f3n de los atletas. &#8220;54 medallas de oro, 46 de plata, 78 de bronce, que en equipo el pr\u00f3ximo a\u00f1o vamos a superar&#8221;.<\/p>\n<p><\/p>\n","protected":false},"excerpt":{"rendered":"<p>M\u00e1s gestiones de Pablo Gamboa para la capacitaci\u00f3n deportiva.<\/p>\n<p> Comparten con Pablo Gamboa compromiso por la pr\u00e1ctica f\u00edsica.<\/p>\n","protected":false},"author":1018,"featured_media":0,"comment_status":"open","ping_status":"open","sticky":false,"template":"","format":"standard","meta":{"tdm_status":"","tdm_grid_status":"","footnotes":""},"categories":[21],"tags":[],"_links":{"self":[{"href":"https:\/\/dralvarez.com.mx\/larevista\/wp-json\/wp\/v2\/posts\/58350"}],"collection":[{"href":"https:\/\/dralvarez.com.mx\/larevista\/wp-json\/wp\/v2\/posts"}],"about":[{"href":"https:\/\/dralvarez.com.mx\/larevista\/wp-json\/wp\/v2\/types\/post"}],"author":[{"embeddable":true,"href":"https:\/\/dralvarez.com.mx\/larevista\/wp-json\/wp\/v2\/users\/1018"}],"replies":[{"embeddable":true,"href":"https:\/\/dralvarez.com.mx\/larevista\/wp-json\/wp\/v2\/comments?post=58350"}],"version-history":[{"count":0,"href":"https:\/\/dralvarez.com.mx\/larevista\/wp-json\/wp\/v2\/posts\/58350\/revisions"}],"wp:attachment":[{"href":"https:\/\/dralvarez.com.mx\/larevista\/wp-json\/wp\/v2\/media?parent=58350"}],"wp:term":[{"taxonomy":"category","embeddable":true,"href":"https:\/\/dralvarez.com.mx\/larevista\/wp-json\/wp\/v2\/categories?post=58350"},{"taxonomy":"post_tag","embeddable":true,"href":"https:\/\/dralvarez.com.mx\/larevista\/wp-json\/wp\/v2\/tags?post=58350"}],"curies":[{"name":"wp","href":"https:\/\/api.w.org\/{rel}","templated":true}]}}