{"id":58345,"date":"2017-09-28T00:00:00","date_gmt":"2017-09-28T06:00:00","guid":{"rendered":"https:\/\/dralvarez.com.mx\/larevista\/blog\/mas-acciones-del-poder-judicial-del-estado-para-justicia-inclusiva-17937"},"modified":"2017-09-28T00:00:00","modified_gmt":"2017-09-28T06:00:00","slug":"mas-acciones-del-poder-judicial-del-estado-para-justicia-inclusiva-17937","status":"publish","type":"post","link":"https:\/\/dralvarez.com.mx\/larevista\/yucatan\/mas-acciones-del-poder-judicial-del-estado-para-justicia-inclusiva-17937","title":{"rendered":"M\u00e1s acciones del Poder Judicial del Estado para justicia inclusiva"},"content":{"rendered":"<\/p>\n<p>El Poder Judicial del Estado contin\u00faa realizando acciones de inclusi\u00f3n para que la justicia se imparta por igual a todos los ciudadanos, sin que las discapacidades sean un impedimento para que reciban justicia, se\u00f1al\u00f3 el magistrado presidente del Tribunal Superior de Justicia y del Consejo de la Judicatura del Poder Judicial del Estado de Yucat\u00e1n Marcos Alejandro Celis Quintal.<\/p>\n<p>En el marco de la ceremonia de clausura del \u201cCurso de Lengua de Se\u00f1as Mexicana\u201d que se imparti\u00f3 por espacio de tres meses a 52 servidores p\u00fablicos de tres organismos que integran el Poder Judicial adem\u00e1s de la Junta Local de Conciliaci\u00f3n y Arbitraje, el magistrado resalt\u00f3 que acciones como \u00e9sta el Poder Judicial hace una apuesta por la inclusi\u00f3n y cree firmemente que no permitir que todos en nuestra sociedad est\u00e9n integrados es una forma grave de discriminaci\u00f3n.<\/p>\n<p>Pero no s\u00f3lo debemos evitar pasivamente la discriminaci\u00f3n, sino tambi\u00e9n hay que hacer acciones, dar pasos y medidas y este curso es un primer paso con acciones positivas para permitir que las personas con discapacidad tengan acceso a la justicia, ya que en Yucat\u00e1n 15 por ciento de las personas con alguna discapacidad en Yucat\u00e1n presentan discapacidad auditiva, apunt\u00f3 el presidente.<\/p>\n<p>\u201cAhora con los procesos orales \u00bfc\u00f3mo podr\u00edamos comunicarnos con una persona con discapacidad auditiva si no es a trav\u00e9s de entender su lenguaje?\u201d, expres\u00f3.<\/p>\n<p>Por su parte, la magistrada Ligia Aurora Cort\u00e9s Ortega, enlace de Igualdad de g\u00e9nero en el Poder Judicial del Estado resalt\u00f3 esta fecha como el D\u00eda Internacional de la Sordera, para empoderar a este sector vulnerable de la sociedad y concientizarnos de sus Derechos Humanos.<\/p>\n<p>Dijo que el trabajo de los int\u00e9rpretes de lengua de se\u00f1as, como quienes colaboraron para la realizaci\u00f3n de este curso Ren\u00e9 Gonz\u00e1lez Puerto y Cristina Puga May es fundamental para la sociedad. \u201cEllos son los puentes de comunicaci\u00f3n entre los dos mundos y que con sus manos hacen la voz\u201d, apunt\u00f3.<\/p>\n<p>Por su parte, Rodulfo Izquierdo, representante del Gobernador del Estado Rolando Zapata Bello, dijo en su oportunidad que la inclusi\u00f3n permite mejorar las condiciones de las personas y sus oportunidades, as\u00ed como mejor comunicaci\u00f3n entre las instituciones y los ciudadanos, las personas y las familias.<\/p>\n<p>\u201cAcciones como estas traen los cambios culturales que necesitamos en M\u00e9xico\u201d, expuso.<\/p>\n<p>Los servidores judiciales que concluyeron este curso b\u00e1sico fueron del Consejo de la Judicatura Sheila Guadalupe C\u00e1mara Ruiz, Milagros Iliana Aguilar Espadas, Rafael Humberto Reyes P\u00e9rez, &nbsp;Aldo Xavier Ojeda Ruiz, Guadalupe Nazareth P\u00e9rez Alcocer, Clarisa Marisol Pech Echeverr\u00eda, Jorge Alberto Orteg\u00f3n Parra, Nery Gabriela Encalada Balam, Ir\u00e1n Roc\u00edo Garc\u00eda Alc\u00e1ntara, Leydi Beatriz Lara Villanueva, Iliana Patricia Tun Puga, Cindy Marisol Burgos Gamboa, Elbeth Jaqueline Novelo Novelo, Elsa Paulina Ojeda Yerves, Jes\u00fas Alejandro Castro Koo, Gabriela del Carmen Rebolledo Novelo, Lourdes de F\u00e1tima Sologuren Tzuc, Rosy Mar\u00eda Tun Baas, Alicia Rub\u00ed Uitz Novelo, Giovanna Denisse Sol\u00eds Cruz, Perla Guadalupe Blanco Amaro y Julio Antonio Quintal Sansores.<\/p>\n<p>Del Tribunal Superior de Justicia Maribel Antonia Bonilla P\u00e9rez, Ileana G\u00f3ngora Izquierdo, Aaron Kant\u00fan Caballero, Mar\u00eda Guadalupe L\u00f3pez P\u00e9rez, Gabriela Matamala Garc\u00eda, Roberto Ariel Rodr\u00edguez V\u00e1zquez, Viridiana Acevedo Ceballos, Rommina Mendicuti Priego, Marisol Bolio Romero, Rafael Humberto Chang L\u00f3pez, Sahia Jeanet Rodr\u00edguez Camacho, Lilia Noem\u00ed Arg\u00e1ez Chay, Paulina Andrea Coral Casanova, Ligia Rub\u00ed Rod\u00edguez Baquedano y Jonatan Abiu Avila Santana, Yanet del Roc\u00edo Rodr\u00edguez Til\u00e1n, Luis Alberto Chabl\u00e9 Anquino y Mar\u00eda Ang\u00e9lica Mart\u00ednez Galv\u00e1n.<\/p>\n<p>De la Junta Local de Conciliaci\u00f3n y Arbitraje Armando Agust\u00edn Aldana Castillo, Mar\u00eda Guadalupe Sol\u00eds Rivera y Cynthia Carolina Perera Pacheco. Del Tribunal de los Trabajadores al Servicio del Estado y los Municipios recibieron certificados Maricarmen Sol\u00eds Alcocer,  Paulina Leticia Dzib Montero y Yeisy Lidia Bruzon Pardo. Del Tribunal de Justicia Fiscal y Administrativa Emile Nilza Linares Caballero y la externa Wendy Maribel Anduze Dom\u00ednguez.<\/p>\n<p>En el evento estuvieron presentes los magistrados Leticia del Socorro Cob\u00e1 Maga\u00f1a, Mygdalia Rodr\u00edguez Arcovedo, Luis Felipe Esper\u00f3n Villanueva, Ricardo \u00c1vila Heredia y los consejeros de la judicatura Silvia Carolina Estrada Gamboa, Sara Luisa Castro Almeida y Luis Jorge Parra Arceo.<\/p>\n<p><\/p>\n","protected":false},"excerpt":{"rendered":"<p>El Poder Judicial del Estado contin\u00faa realizando acciones de inclusi\u00f3n para que la justicia se imparta por igual a todos los ciudadanos.<\/p>\n","protected":false},"author":1018,"featured_media":0,"comment_status":"open","ping_status":"open","sticky":false,"template":"","format":"standard","meta":{"tdm_status":"","tdm_grid_status":"","footnotes":""},"categories":[21],"tags":[],"_links":{"self":[{"href":"https:\/\/dralvarez.com.mx\/larevista\/wp-json\/wp\/v2\/posts\/58345"}],"collection":[{"href":"https:\/\/dralvarez.com.mx\/larevista\/wp-json\/wp\/v2\/posts"}],"about":[{"href":"https:\/\/dralvarez.com.mx\/larevista\/wp-json\/wp\/v2\/types\/post"}],"author":[{"embeddable":true,"href":"https:\/\/dralvarez.com.mx\/larevista\/wp-json\/wp\/v2\/users\/1018"}],"replies":[{"embeddable":true,"href":"https:\/\/dralvarez.com.mx\/larevista\/wp-json\/wp\/v2\/comments?post=58345"}],"version-history":[{"count":0,"href":"https:\/\/dralvarez.com.mx\/larevista\/wp-json\/wp\/v2\/posts\/58345\/revisions"}],"wp:attachment":[{"href":"https:\/\/dralvarez.com.mx\/larevista\/wp-json\/wp\/v2\/media?parent=58345"}],"wp:term":[{"taxonomy":"category","embeddable":true,"href":"https:\/\/dralvarez.com.mx\/larevista\/wp-json\/wp\/v2\/categories?post=58345"},{"taxonomy":"post_tag","embeddable":true,"href":"https:\/\/dralvarez.com.mx\/larevista\/wp-json\/wp\/v2\/tags?post=58345"}],"curies":[{"name":"wp","href":"https:\/\/api.w.org\/{rel}","templated":true}]}}