{"id":58342,"date":"2017-09-28T00:00:00","date_gmt":"2017-09-28T06:00:00","guid":{"rendered":"https:\/\/dralvarez.com.mx\/larevista\/blog\/se-fortalecen-estrategias-a-favor-de-los-adolescentes-17934"},"modified":"2017-09-28T00:00:00","modified_gmt":"2017-09-28T06:00:00","slug":"se-fortalecen-estrategias-a-favor-de-los-adolescentes-17934","status":"publish","type":"post","link":"https:\/\/dralvarez.com.mx\/larevista\/yucatan\/se-fortalecen-estrategias-a-favor-de-los-adolescentes-17934","title":{"rendered":"Se fortalecen estrategias a favor de los adolescentes"},"content":{"rendered":"<\/p>\n<p>M\u00e9rida, Yucat\u00e1n, 28 de septiembre de 2017.- Con el objetivo de fortalecer la equidad y los derechos de los adolescentes en todo el territorio estatal, este d\u00eda se instal\u00f3 la Subcomisi\u00f3n de Justicia para dicho sector, que tendr\u00e1 la tarea de impulsar pol\u00edticas p\u00fablicas prioritarias y estrat\u00e9gicas en la materia. &nbsp; <\/p>\n<p>En representaci\u00f3n del Gobernador Rolando Zapata Bello, el titular de la Secretar\u00eda General de Gobierno (SGG), Roberto Rodr\u00edguez Asaf, presidi\u00f3 el establecimiento del organismo, que se est\u00e1 integrado en la Comisi\u00f3n para la Implementaci\u00f3n de la Reforma en Materia de Seguridad y Justicia en el estado. <\/p>\n<p>La creaci\u00f3n de esta Subcomisi\u00f3n es una respuesta al compromiso n\u00famero cinco de los 10 firmados entre la Secretar\u00eda Ejecutiva del Sistema Nacional de Protecci\u00f3n Integral de Ni\u00f1as, Ni\u00f1os y Adolescentes y la Comisi\u00f3n de Derechos Humanos de la Conferencia Nacional de Gobernadores. <\/p>\n<p>Esta disposici\u00f3n se\u00f1ala que se debe elaborar un plan estatal para la operaci\u00f3n de los cambios normativos y para la coordinaci\u00f3n de los diferentes actores que den cumplimiento a la Ley Nacional del Sistema Integral de Justicia Penal para Adolescentes.<\/p>\n<p>Al dar un mensaje en la sala de juntas de la SGG, el funcionario estatal pidi\u00f3 a todos los integrantes de la Subcomisi\u00f3n ver este grupo de trabajo como una oportunidad de servir mejor y cuidar a este sector, adem\u00e1s de tener como prioridad que las instituciones p\u00fablicas lo atiendan de forma completa. &nbsp; <\/p>\n<p>\u201cEl rumbo es correcto para el estado y no debe hacer de lado a nadie. Porque el buen rumbo incluye, protege, respeta y sobre todo est\u00e1 de lado de los derechos de ni\u00f1as, ni\u00f1os y adolescentes, teniendo en claro que son la generaci\u00f3n que viene detr\u00e1s de nosotros\u201d, a\u00f1adi\u00f3 Rodr\u00edguez Asaf ante la secretaria Ejecutiva de la Comisi\u00f3n para la Implementaci\u00f3n de la Reforma en Materia de Seguridad y Justicia, Ana Aguilar Ruiz.<\/p>\n<p>Acompa\u00f1ado de la presidenta de la Junta de Gobierno y Coordinaci\u00f3n Pol\u00edtica del Congreso del Estado, Celia Rivas Rodr\u00edguez, el secretario pidi\u00f3 aprovechar esta mesa de tareas para poner en marcha pol\u00edticas que cumplan de manera prioritaria, estrat\u00e9gica y transversal las garant\u00edas de este rubro de la poblaci\u00f3n.<\/p>\n<p>En presencia del magistrado de la Sala Unitaria de Justicia para Adolescentes, Santiago Altamirano Escalante, se present\u00f3 un calendario de trabajo y se mencion\u00f3 que la Subcomisi\u00f3n est\u00e1 formada por representantes de los Sistemas Nacional de Protecci\u00f3n Integral de Ni\u00f1as, Ni\u00f1os y Adolescentes, y de Justicia para Adolescentes, as\u00ed como asociaciones civiles en car\u00e1cter de invitadas permanentes.&nbsp; &nbsp;<\/p><\/p>\n","protected":false},"excerpt":{"rendered":"<p>Rodr\u00edguez Asaf preside instalaci\u00f3n de la Subcomisi\u00f3n de Justicia para dicho sector.<\/p>\n","protected":false},"author":1018,"featured_media":0,"comment_status":"open","ping_status":"open","sticky":false,"template":"","format":"standard","meta":{"tdm_status":"","tdm_grid_status":"","footnotes":""},"categories":[21],"tags":[],"_links":{"self":[{"href":"https:\/\/dralvarez.com.mx\/larevista\/wp-json\/wp\/v2\/posts\/58342"}],"collection":[{"href":"https:\/\/dralvarez.com.mx\/larevista\/wp-json\/wp\/v2\/posts"}],"about":[{"href":"https:\/\/dralvarez.com.mx\/larevista\/wp-json\/wp\/v2\/types\/post"}],"author":[{"embeddable":true,"href":"https:\/\/dralvarez.com.mx\/larevista\/wp-json\/wp\/v2\/users\/1018"}],"replies":[{"embeddable":true,"href":"https:\/\/dralvarez.com.mx\/larevista\/wp-json\/wp\/v2\/comments?post=58342"}],"version-history":[{"count":0,"href":"https:\/\/dralvarez.com.mx\/larevista\/wp-json\/wp\/v2\/posts\/58342\/revisions"}],"wp:attachment":[{"href":"https:\/\/dralvarez.com.mx\/larevista\/wp-json\/wp\/v2\/media?parent=58342"}],"wp:term":[{"taxonomy":"category","embeddable":true,"href":"https:\/\/dralvarez.com.mx\/larevista\/wp-json\/wp\/v2\/categories?post=58342"},{"taxonomy":"post_tag","embeddable":true,"href":"https:\/\/dralvarez.com.mx\/larevista\/wp-json\/wp\/v2\/tags?post=58342"}],"curies":[{"name":"wp","href":"https:\/\/api.w.org\/{rel}","templated":true}]}}