{"id":58311,"date":"2017-09-28T00:00:00","date_gmt":"2017-09-28T06:00:00","guid":{"rendered":"https:\/\/dralvarez.com.mx\/larevista\/blog\/se-crean-mas-de-62-mil-nuevos-empleos-en-esta-administracion-estatal-17902"},"modified":"2017-09-28T00:00:00","modified_gmt":"2017-09-28T06:00:00","slug":"se-crean-mas-de-62-mil-nuevos-empleos-en-esta-administracion-estatal-17902","status":"publish","type":"post","link":"https:\/\/dralvarez.com.mx\/larevista\/yucatan\/se-crean-mas-de-62-mil-nuevos-empleos-en-esta-administracion-estatal-17902","title":{"rendered":"Se crean m\u00e1s de 62 mil nuevos empleos en esta administraci\u00f3n estatal"},"content":{"rendered":"<\/p>\n<p>M\u00e9rida, Yucat\u00e1n, 27 de septiembre de 2017.- En lo que va de la presente administraci\u00f3n se han generado las condiciones para la creaci\u00f3n de m\u00e1s de 62 mil nuevos puestos laborales, de acuerdo con datos proporcionados por el Instituto Mexicano del Seguro Social (IMSS), report\u00f3 Enrique Castillo Ruz, titular de la Secretar\u00eda del Trabajo y Previsi\u00f3n Social del Estado (STPS).<\/p>\n<p>Al encabezar este d\u00eda la IV Reuni\u00f3n del Sistema Estatal de Empleo, el funcionario agreg\u00f3 que Yucat\u00e1n tambi\u00e9n se sit\u00faa entre los estados con menor tasa de desempleo. Detall\u00f3 que el \u00edndice pas\u00f3 de 3.7 por ciento en 2012, en el inicio de esta gesti\u00f3n, a 1.9 por ciento en la actualidad.<\/p>\n<p>Ante el presidente de la C\u00e1mara Nacional de Comercio, Servicios y Turismo (Canaco-Servytur) de M\u00e9rida, Juan Jos\u00e9 Abraham Daguer, dijo que en ese tipo de logros influyen las diferentes estrategias que implementa el Gobierno del Estado dirigidas a incentivar el sector.<\/p>\n<p>Abona en estos buenos resultados la participaci\u00f3n comprometida y coordinada con el rubro empresarial y los dem\u00e1s actores de la producci\u00f3n, se\u00f1al\u00f3 el funcionario, ante representantes de instituciones educativas y de gerencias de recursos humanos privadas.<\/p>\n<p>Como parte de la IV Reuni\u00f3n se realiz\u00f3 el intercambio de vacantes entre las bolsas de trabajo de c\u00e1maras y casas de estudio, as\u00ed como la promoci\u00f3n de mano de obra. Asimismo, se imparti\u00f3 la charla \u201cLa importancia del desarrollo de personal para el crecimiento de las empresas\u201d, por Luis Zald\u00edvar Carvajal, gerente de Recursos Humanos, de la Galletera Dond\u00e9.<\/p>\n<p>Por su parte, Abraham Daguer destac\u00f3 la voluntad de colaboraci\u00f3n que existe entre la STPS y el gremio privado.<\/p>\n<p><\/p>\n","protected":false},"excerpt":{"rendered":"<p>Yucat\u00e1n se sit\u00faa con baja tasa de desempleo a nivel nacional.<\/p>\n","protected":false},"author":1018,"featured_media":0,"comment_status":"open","ping_status":"open","sticky":false,"template":"","format":"standard","meta":{"tdm_status":"","tdm_grid_status":"","footnotes":""},"categories":[21],"tags":[],"_links":{"self":[{"href":"https:\/\/dralvarez.com.mx\/larevista\/wp-json\/wp\/v2\/posts\/58311"}],"collection":[{"href":"https:\/\/dralvarez.com.mx\/larevista\/wp-json\/wp\/v2\/posts"}],"about":[{"href":"https:\/\/dralvarez.com.mx\/larevista\/wp-json\/wp\/v2\/types\/post"}],"author":[{"embeddable":true,"href":"https:\/\/dralvarez.com.mx\/larevista\/wp-json\/wp\/v2\/users\/1018"}],"replies":[{"embeddable":true,"href":"https:\/\/dralvarez.com.mx\/larevista\/wp-json\/wp\/v2\/comments?post=58311"}],"version-history":[{"count":0,"href":"https:\/\/dralvarez.com.mx\/larevista\/wp-json\/wp\/v2\/posts\/58311\/revisions"}],"wp:attachment":[{"href":"https:\/\/dralvarez.com.mx\/larevista\/wp-json\/wp\/v2\/media?parent=58311"}],"wp:term":[{"taxonomy":"category","embeddable":true,"href":"https:\/\/dralvarez.com.mx\/larevista\/wp-json\/wp\/v2\/categories?post=58311"},{"taxonomy":"post_tag","embeddable":true,"href":"https:\/\/dralvarez.com.mx\/larevista\/wp-json\/wp\/v2\/tags?post=58311"}],"curies":[{"name":"wp","href":"https:\/\/api.w.org\/{rel}","templated":true}]}}