{"id":58309,"date":"2017-09-28T00:00:00","date_gmt":"2017-09-28T06:00:00","guid":{"rendered":"https:\/\/dralvarez.com.mx\/larevista\/blog\/alcalde-mauricio-vila-entrega-trabajos-de-rehabilitacion-de-la-calle-16-del-fraccionamiento-mulsay-17900"},"modified":"2017-09-28T00:00:00","modified_gmt":"2017-09-28T06:00:00","slug":"alcalde-mauricio-vila-entrega-trabajos-de-rehabilitacion-de-la-calle-16-del-fraccionamiento-mulsay-17900","status":"publish","type":"post","link":"https:\/\/dralvarez.com.mx\/larevista\/yucatan\/alcalde-mauricio-vila-entrega-trabajos-de-rehabilitacion-de-la-calle-16-del-fraccionamiento-mulsay-17900","title":{"rendered":"Alcalde Mauricio Vila entrega trabajos de rehabilitaci\u00f3n de la calle 16 del fraccionamiento Mulsay"},"content":{"rendered":"<p>El alcalde Mauricio Vila Dosal entreg\u00f3 a los vecinos del fraccionamiento Mulsay los trabajos de remodelaci\u00f3n de la calle 16 por 61 y 5 F, intervenci\u00f3n que beneficiar\u00e1 a m\u00e1s de 15,000 peatones, automovilistas y habitantes de la zona.<\/p>\n<p>La calle 16 por 61 y 5 F del fraccionamiento Mulsay es punto de uni\u00f3n con la Avenida Juan Pablo II, la Avenida Canek y tambi\u00e9n conduce a Plaza las Am\u00e9ricas.<\/p>\n<p>La zona alberga numerosos establecimientos de diversos giros como restaurantes, carnicer\u00edas, supermercados, fruter\u00edas, farmacias, escuelas, tiendas de abarrotes, lavander\u00edas, refaccionarias y servicios de telefon\u00eda celular.<\/p>\n<p>Adem\u00e1s, pr\u00f3ximos a la zona se encuentran espacios p\u00fablicos como los parques Fraccionamiento Mulsay y el Parque Ecoarqueol\u00f3gico de Xocl\u00e1n. En las cercan\u00edas tambi\u00e9n se ubica el Parque Japon\u00e9s, en Jardines de Mulsay, recientemente rehabilitado por el Ayuntamiento de M\u00e9rida.<\/p>\n<p>Virgilio Crespo M\u00e9ndez, director de Obras P\u00fablicas, indic\u00f3 que en el proyecto de intervenci\u00f3n de 1 kil\u00f3metro de la calle 16 por 61 y 5 F del fraccionamiento Mulsay se invirtieron $3,8 millones de pesos.<\/p>\n<p>El funcionario agreg\u00f3 que la cantidad se destin\u00f3 a la rehabilitaci\u00f3n de la v\u00eda, reparaci\u00f3n de guarniciones y banquetas as\u00ed como sistemas de drenaje pluvial, pintura de rampas y guarniciones as\u00ed como el mantenimiento de zanjas colectoras.<\/p>\n<p>Apenas en julio pasado, el alcalde Mauricio Vila entreg\u00f3 el carril oriente de la avenida 128 (M\u00e9rida 2000), un tramo de 4.4 kil\u00f3metros que va de la avenida Jacinto Canek a la calle 81 de la colonia N\u00facleo Mulsay, al surponiente de M\u00e9rida.<\/p>\n<p>Estas acciones se suman a la inversi\u00f3n hist\u00f3rica de m\u00e1s de mil millones de pesos en obras p\u00fablicas, que incluyen la conclusi\u00f3n de 150 kil\u00f3metros para 2017 y que mejorar\u00e1n la calidad de vida de ciclistas, peatones, automovilistas y usuarios de unidades de transporte p\u00fablico.<\/p>\n<p>Al evento tambi\u00e9n asistieron Cecilia Patr\u00f3n Laviada, directora de Desarrollo Social; Jorge Eu\u00e1n G\u00f3ngora, de la Fundaci\u00f3n del Plan Estrat\u00e9gico de Yucat\u00e1n; Carlos Erosa Burgos, presidente del Colegio de Ingenieros Civiles de Yucat\u00e1n y regidores del Ayuntamiento de M\u00e9rida.<\/p>\n<p><\/p>\n","protected":false},"excerpt":{"rendered":"<p>La acci\u00f3n mejora la calidad de vida de la ciudadanos del poniente de M\u00e9rida<\/p>\n","protected":false},"author":1018,"featured_media":0,"comment_status":"open","ping_status":"open","sticky":false,"template":"","format":"standard","meta":{"tdm_status":"","tdm_grid_status":"","footnotes":""},"categories":[21],"tags":[],"_links":{"self":[{"href":"https:\/\/dralvarez.com.mx\/larevista\/wp-json\/wp\/v2\/posts\/58309"}],"collection":[{"href":"https:\/\/dralvarez.com.mx\/larevista\/wp-json\/wp\/v2\/posts"}],"about":[{"href":"https:\/\/dralvarez.com.mx\/larevista\/wp-json\/wp\/v2\/types\/post"}],"author":[{"embeddable":true,"href":"https:\/\/dralvarez.com.mx\/larevista\/wp-json\/wp\/v2\/users\/1018"}],"replies":[{"embeddable":true,"href":"https:\/\/dralvarez.com.mx\/larevista\/wp-json\/wp\/v2\/comments?post=58309"}],"version-history":[{"count":0,"href":"https:\/\/dralvarez.com.mx\/larevista\/wp-json\/wp\/v2\/posts\/58309\/revisions"}],"wp:attachment":[{"href":"https:\/\/dralvarez.com.mx\/larevista\/wp-json\/wp\/v2\/media?parent=58309"}],"wp:term":[{"taxonomy":"category","embeddable":true,"href":"https:\/\/dralvarez.com.mx\/larevista\/wp-json\/wp\/v2\/categories?post=58309"},{"taxonomy":"post_tag","embeddable":true,"href":"https:\/\/dralvarez.com.mx\/larevista\/wp-json\/wp\/v2\/tags?post=58309"}],"curies":[{"name":"wp","href":"https:\/\/api.w.org\/{rel}","templated":true}]}}