{"id":58306,"date":"2017-09-28T00:00:00","date_gmt":"2017-09-28T06:00:00","guid":{"rendered":"https:\/\/dralvarez.com.mx\/larevista\/blog\/elias-lixa-expone-iniciativas-sobre-discapacidad-ante-el-consejo-para-la-inclusion-de-personas-con-discapacidad-del-ayuntamiento-de-merida-17897"},"modified":"2017-09-28T00:00:00","modified_gmt":"2017-09-28T06:00:00","slug":"elias-lixa-expone-iniciativas-sobre-discapacidad-ante-el-consejo-para-la-inclusion-de-personas-con-discapacidad-del-ayuntamiento-de-merida-17897","status":"publish","type":"post","link":"https:\/\/dralvarez.com.mx\/larevista\/yucatan\/elias-lixa-expone-iniciativas-sobre-discapacidad-ante-el-consejo-para-la-inclusion-de-personas-con-discapacidad-del-ayuntamiento-de-merida-17897","title":{"rendered":"Elias Lixa expone iniciativas sobre discapacidad ante el Consejo para la Inclusi\u00f3n de Personas con Discapacidad del Ayuntamiento de M\u00e9rida."},"content":{"rendered":"<\/p>\n<p>M\u00e9rida, Yucat\u00e1n, 27 de septiembre de 2017.- En sesi\u00f3n ordinaria del Consejo para la Inclusi\u00f3n de Personas con Discapacidad del Ayuntamiento de M\u00e9rida, el diputado Jos\u00e9 El\u00edas Lixa Abimerhi en calidad de invitado, expuso las reformas propuestas en las iniciativas que present\u00f3  ante el Congreso del Estado de Yucat\u00e1n, los d\u00edas 07 y 12 de septiembre de la presente anualidad.<\/p>\n<p>Ante miembros de diversas asociaciones civiles, adem\u00e1s de Loreto Villanueva, Directora del DIF municipal, Jos\u00e9 Enrique Goff, Presidente de la Comisi\u00f3n de Derechos Humanos del Estado de Yucat\u00e1n, Roberto G. Cant\u00f3n, consejero de la C\u00e1mara Nacional de la Industria de Restaurantes, regidores y funcionarios municipales, legislador convers\u00f3 sobre la situaci\u00f3n actual que enfrentan las personas con discapacidad en todos los aspectos, y las alternativas que plantea con los productos legislativos que al d\u00eda de hoy, ya han sido turnados a las comisiones permanentes pertinentes para su estudio.<\/p>\n<p>El diputado panista reiter\u00f3 el compromiso de escuchar a los presentes para continuar mejorando la Iniciativa para el Respeto a los Derechos de las Personas con Discapacidad y la Iniciativa para Reformar el Juicio de Interdicci\u00f3n, contribuyendo a mejorar el escenario hostil existente para este sector de la poblaci\u00f3n y eliminando las inconsistencias que coartan sus derechos fundamentales.<\/p>\n<p>&#8220;Es indispensable para el trabajo legislativo, escuchar todas las observaciones y opiniones, hacer que los problemas se transformen de en reglas a favor de la sociedad de manera eficiente&#8221; asegur\u00f3.<\/p>\n<p>Lixa  Abimerhi extern\u00f3 las modificaciones que hasta ahora se contemplan en los documentos de m\u00e9rito: tipificaci\u00f3n del maltrato a personas con discapacidad, planes  de adecuaci\u00f3n y modificaci\u00f3n de espacios p\u00fablicos para el gobierno estatal y ayuntamientos, porcentajes del presupuesto de obra p\u00fablica y deporte invertidos en adecuaci\u00f3n de estructuras existentes, incremento de multas por ocupar cajones especiales de estacionamiento, eliminaci\u00f3n del cobro del tarjet\u00f3n para personas con discapacidad, as\u00ed como la transformaci\u00f3n del juicio de interdicci\u00f3n, bas\u00e1ndolo en un esquema de acompa\u00f1amiento en la toma de decisiones, entre otras disposiciones.<\/p>\n<p>En el encuentro estuvo presente la diputada Elizabeth Gamboa Sol\u00eds, Presidenta de la Comisi\u00f3n Permanente de Derechos Humanos del Congreso del Estado, para tomar en cuenta las inquietudes del consejo e incorporarlas al estudio de las iniciativas, por lo que Lixa agradeci\u00f3 su asistencia y colaboraci\u00f3n para el estudio del tema.<\/p>\n<p>De la misma manera el legislador reconoci\u00f3 los esfuerzos y aportaciones que han realizado diversas asociaciones y la propia CODHEY para enriquecer el trabajo legislativo.<\/p>\n<p>El evento finaliz\u00f3 con el di\u00e1logo abierto entre el diputado y los presentes, que aportaron ideas para enriquecer las propuestas que el Congreso del Estado discutir\u00e1 en los pr\u00f3ximos d\u00edas.<\/p>\n<p><\/p>\n","protected":false},"excerpt":{"rendered":"<p>\u201cUn cambio en la sociedad requiere cambios en nuestra conciencia y en nuestras leyes&#8221;: El\u00edas Lixa.<\/p>\n","protected":false},"author":1018,"featured_media":0,"comment_status":"open","ping_status":"open","sticky":false,"template":"","format":"standard","meta":{"tdm_status":"","tdm_grid_status":"","footnotes":""},"categories":[21],"tags":[],"_links":{"self":[{"href":"https:\/\/dralvarez.com.mx\/larevista\/wp-json\/wp\/v2\/posts\/58306"}],"collection":[{"href":"https:\/\/dralvarez.com.mx\/larevista\/wp-json\/wp\/v2\/posts"}],"about":[{"href":"https:\/\/dralvarez.com.mx\/larevista\/wp-json\/wp\/v2\/types\/post"}],"author":[{"embeddable":true,"href":"https:\/\/dralvarez.com.mx\/larevista\/wp-json\/wp\/v2\/users\/1018"}],"replies":[{"embeddable":true,"href":"https:\/\/dralvarez.com.mx\/larevista\/wp-json\/wp\/v2\/comments?post=58306"}],"version-history":[{"count":0,"href":"https:\/\/dralvarez.com.mx\/larevista\/wp-json\/wp\/v2\/posts\/58306\/revisions"}],"wp:attachment":[{"href":"https:\/\/dralvarez.com.mx\/larevista\/wp-json\/wp\/v2\/media?parent=58306"}],"wp:term":[{"taxonomy":"category","embeddable":true,"href":"https:\/\/dralvarez.com.mx\/larevista\/wp-json\/wp\/v2\/categories?post=58306"},{"taxonomy":"post_tag","embeddable":true,"href":"https:\/\/dralvarez.com.mx\/larevista\/wp-json\/wp\/v2\/tags?post=58306"}],"curies":[{"name":"wp","href":"https:\/\/api.w.org\/{rel}","templated":true}]}}