{"id":58303,"date":"2017-09-28T00:00:00","date_gmt":"2017-09-28T06:00:00","guid":{"rendered":"https:\/\/dralvarez.com.mx\/larevista\/blog\/uman-un-ejemplo-de-los-resultados-de-la-industrializacion-17894"},"modified":"2017-09-28T00:00:00","modified_gmt":"2017-09-28T06:00:00","slug":"uman-un-ejemplo-de-los-resultados-de-la-industrializacion-17894","status":"publish","type":"post","link":"https:\/\/dralvarez.com.mx\/larevista\/yucatan\/uman-un-ejemplo-de-los-resultados-de-la-industrializacion-17894","title":{"rendered":"Um\u00e1n un ejemplo de los resultados de la industrializaci\u00f3n"},"content":{"rendered":"<\/p>\n<p>Um\u00e1n, Yucat\u00e1n, a 27 de septiembre de 2017. Liborio Vidal Aguilar estuvo en Um\u00e1n donde record\u00f3 que este municipio cuenta con un corredor industrial que permite la llegada de nuevas inversiones y eso genera nuevos empleos, directos e indirectos, y el surgimiento de m\u00e1s empresas locales que den abasto a las necesidades que conlleva el crecimiento.<\/p>\n<p>\u201cEl gobierno de Rolando Zapata Bello trabaja fuertemente en diversos frentes en los que nuestro Yucat\u00e1n tiene gran potencial, uno de ellos es el turismo y el otro la industrializaci\u00f3n del Estado, y nuestro trabajo es contribuir para tener una entidad que sea atractiva para los inversionistas\u201d, se\u00f1al\u00f3 Vidal Aguilar.<\/p>\n<p>De acuerdo con cifras oficiales, Yucat\u00e1n tuvo un crecimiento industrial de 12.1 por ciento de febrero de 2015 al del 2016, esto lo ubica en el primer lugar nacional, y cuenta con elementos que permitir\u00e1n que el porcentaje a\u00fan sea mayor en los pr\u00f3ximos a\u00f1os.<\/p>\n<p>\u201cLo que ahora estamos viviendo no es fruto de la casualidad sino del trabajo disciplinado, constante y visionario, y tenemos que mantener esa inercia para los pr\u00f3ximos a\u00f1os, por el bien de las familias yucatecas\u201d, expres\u00f3.<\/p>\n<p>Destac\u00f3 que uno de los activos m\u00e1s importantes con que se cuenta es la propia gente, que a trav\u00e9s de sus valores, ha logrado mantener al Estado tranquilo y en paz, libre de la violencia que se observa en otros lugares de la Rep\u00fablica.<\/p>\n<p>\u201cLos yucatecos somos personas tranquilas, personas a quienes nos gusta vivir en paz y apoyarnos entre nosotros, por eso vivimos en un estado seguro y eso es algo que tenemos que conservar porque es un elemento clave para nuestro crecimiento econ\u00f3mico y desarrollo social. El futuro lo estamos construyendo hoy\u201d, se\u00f1al\u00f3.<\/p>\n<p>Liborio Vidal visit\u00f3 Um\u00e1n en el marco de su programa #VeoBien con el #AmigoLibo, a trav\u00e9s del cual entregaron m\u00e1s de 300 lentes gratuitos de apoyo visual para personas de escasos recursos, a la fecha han entregado m\u00e1s de 15 mil anteojos.<\/p>\n<p>&nbsp;<\/p>\n<p><\/p>\n","protected":false},"excerpt":{"rendered":"<p>El futuro lo estamos construyendo hoy: Liborio Vidal.<\/p>\n","protected":false},"author":1018,"featured_media":0,"comment_status":"open","ping_status":"open","sticky":false,"template":"","format":"standard","meta":{"tdm_status":"","tdm_grid_status":"","footnotes":""},"categories":[21],"tags":[],"_links":{"self":[{"href":"https:\/\/dralvarez.com.mx\/larevista\/wp-json\/wp\/v2\/posts\/58303"}],"collection":[{"href":"https:\/\/dralvarez.com.mx\/larevista\/wp-json\/wp\/v2\/posts"}],"about":[{"href":"https:\/\/dralvarez.com.mx\/larevista\/wp-json\/wp\/v2\/types\/post"}],"author":[{"embeddable":true,"href":"https:\/\/dralvarez.com.mx\/larevista\/wp-json\/wp\/v2\/users\/1018"}],"replies":[{"embeddable":true,"href":"https:\/\/dralvarez.com.mx\/larevista\/wp-json\/wp\/v2\/comments?post=58303"}],"version-history":[{"count":0,"href":"https:\/\/dralvarez.com.mx\/larevista\/wp-json\/wp\/v2\/posts\/58303\/revisions"}],"wp:attachment":[{"href":"https:\/\/dralvarez.com.mx\/larevista\/wp-json\/wp\/v2\/media?parent=58303"}],"wp:term":[{"taxonomy":"category","embeddable":true,"href":"https:\/\/dralvarez.com.mx\/larevista\/wp-json\/wp\/v2\/categories?post=58303"},{"taxonomy":"post_tag","embeddable":true,"href":"https:\/\/dralvarez.com.mx\/larevista\/wp-json\/wp\/v2\/tags?post=58303"}],"curies":[{"name":"wp","href":"https:\/\/api.w.org\/{rel}","templated":true}]}}