{"id":58302,"date":"2017-09-28T00:00:00","date_gmt":"2017-09-28T06:00:00","guid":{"rendered":"https:\/\/dralvarez.com.mx\/larevista\/blog\/gestion-legislativa-para-combatir-las-injusticias-zacil-moguel-manzur-17893"},"modified":"2017-09-28T00:00:00","modified_gmt":"2017-09-28T06:00:00","slug":"gestion-legislativa-para-combatir-las-injusticias-zacil-moguel-manzur-17893","status":"publish","type":"post","link":"https:\/\/dralvarez.com.mx\/larevista\/yucatan\/gestion-legislativa-para-combatir-las-injusticias-zacil-moguel-manzur-17893","title":{"rendered":"Gesti\u00f3n legislativa para combatir las injusticias:  Zacil Moguel Manzur"},"content":{"rendered":"<\/p>\n<p>Ciudad de M\u00e9xico, 27 de septiembre de 2017.- \u201cLa principal raz\u00f3n de la gesti\u00f3n legislativa es procurar el bienestar de la gente y para ello, es importante conocer lo que los ciudadanos requieren, sus inquietudes y problemas\u201d, expres\u00f3 la diputada federal yucateca Zacil Moguel Manzur.<\/p>\n<p>\u201cMucha gente no lo tiene f\u00e1cil y diario enfrenta los dificultades e injusticias. Durante a\u00f1os he aprendido que para afrontar lo dif\u00edcil nunca hay que irse por el camino f\u00e1cil. No asentar la cabeza y decir que todo est\u00e1 bien, al contrario, luchar y meterse de fondo a la soluci\u00f3n de los problemas\u201d.<\/p>\n<p>\u201cActualmente como diputada federal busco defender y conseguir que las personas tengan las mismas oportunidades para salir adelante.  Propongo leyes, realizo gestiones y apoyo iniciativas para promover la lucha contra las injusticias. En particular en Yucat\u00e1n existe un tema en el que enfoco mi trabajo, falta de atenci\u00f3n a las personas de la tercera edad, que merecen ser reconocidos y tener una mejor calidad de vida. Hace poco, por ejemplo, ayudamos a Don Alberto, que durante varios a\u00f1os no pod\u00eda cobrar su pensi\u00f3n porque nadie le logr\u00f3 ayudar con un tr\u00e1mite necesario. Nos acercamos a \u00e9l y en menos de una semana solucionamos el problema\u201d, dijo.<\/p>\n<p><\/p>\n","protected":false},"excerpt":{"rendered":"<p>\u201cLo m\u00e1s importante es mantener lo bueno que tenemos y luchar para que cada vez haya menos injusticias\u201d, afirma la legisladora federal yucateca.<\/p>\n","protected":false},"author":1018,"featured_media":0,"comment_status":"open","ping_status":"open","sticky":false,"template":"","format":"standard","meta":{"tdm_status":"","tdm_grid_status":"","footnotes":""},"categories":[21],"tags":[],"_links":{"self":[{"href":"https:\/\/dralvarez.com.mx\/larevista\/wp-json\/wp\/v2\/posts\/58302"}],"collection":[{"href":"https:\/\/dralvarez.com.mx\/larevista\/wp-json\/wp\/v2\/posts"}],"about":[{"href":"https:\/\/dralvarez.com.mx\/larevista\/wp-json\/wp\/v2\/types\/post"}],"author":[{"embeddable":true,"href":"https:\/\/dralvarez.com.mx\/larevista\/wp-json\/wp\/v2\/users\/1018"}],"replies":[{"embeddable":true,"href":"https:\/\/dralvarez.com.mx\/larevista\/wp-json\/wp\/v2\/comments?post=58302"}],"version-history":[{"count":0,"href":"https:\/\/dralvarez.com.mx\/larevista\/wp-json\/wp\/v2\/posts\/58302\/revisions"}],"wp:attachment":[{"href":"https:\/\/dralvarez.com.mx\/larevista\/wp-json\/wp\/v2\/media?parent=58302"}],"wp:term":[{"taxonomy":"category","embeddable":true,"href":"https:\/\/dralvarez.com.mx\/larevista\/wp-json\/wp\/v2\/categories?post=58302"},{"taxonomy":"post_tag","embeddable":true,"href":"https:\/\/dralvarez.com.mx\/larevista\/wp-json\/wp\/v2\/tags?post=58302"}],"curies":[{"name":"wp","href":"https:\/\/api.w.org\/{rel}","templated":true}]}}