{"id":58300,"date":"2017-09-28T00:00:00","date_gmt":"2017-09-28T06:00:00","guid":{"rendered":"https:\/\/dralvarez.com.mx\/larevista\/blog\/se-mantiene-el-potencial-de-lluvias-vespertinas-durante-los-proximos-dias-17891"},"modified":"2017-09-28T00:00:00","modified_gmt":"2017-09-28T06:00:00","slug":"se-mantiene-el-potencial-de-lluvias-vespertinas-durante-los-proximos-dias-17891","status":"publish","type":"post","link":"https:\/\/dralvarez.com.mx\/larevista\/yucatan\/se-mantiene-el-potencial-de-lluvias-vespertinas-durante-los-proximos-dias-17891","title":{"rendered":"Se mantiene el potencial de lluvias vespertinas durante los pr\u00f3ximos d\u00edas"},"content":{"rendered":"<\/p>\n<p>Durante los pr\u00f3ximos d\u00edas se mantiene el potencial de lluvias en la regi\u00f3n, de diversa intensidad, por influencia de un canal de baja presi\u00f3n y el establecimiento de una vaguada sobre la Pen\u00ednsula de Yucat\u00e1n,informa la Comisi\u00f3n Nacional del Agua (Conagua), a trav\u00e9s del Centro Hidrometeorol\u00f3gico Regional de M\u00e9rida (CHRM) del Servicio Meteorol\u00f3gico Nacional (SMN).<\/p>\n<p>En tal sentido, para este jueves, un canal de baja presi\u00f3n y una vaguada sobre la regi\u00f3n favorecer\u00edan de chubascos fuertes a tormentas puntualmente fuertes en las porciones sur y centro de Campeche; norte y centro de Quintana Roo, y, noreste, oriente, norte y centro de Yucat\u00e1n.<\/p>\n<p>El viernes, canal de baja presi\u00f3n mantendr\u00e1 el ingreso de humedad hacia la Pen\u00ednsula de Yucat\u00e1n, por lo que se esperan chubascos fuertes e las zonas centro y sur de Campeche; norte, centro, oriente y sur de Yucat\u00e1n; y, norte y centro de Quintana Roo.<\/p>\n<p>En tanto, el s\u00e1bado, se mantiene influencia de una vaguada sobre la regi\u00f3n, as\u00ed como la presencia de un canal de bajas presiones, por lo que se esperan tormentas fuertes en las porciones noreste, oriente y sur de Yucat\u00e1n; centro y sur de Campeche; y, centro y sur de Quintana Roo.<\/p>\n<p>Para los tres d\u00edas, no se descarta la presencia de actividad el\u00e9ctrica y rachas de viento fuerte en zonas de tormenta, por lo que se recomienda tomar precauciones.<\/p>\n<p>Las temperaturas m\u00e1ximas se mantendr\u00e1n en el rango de entre los 30.0 y 34.0 grados celsius para los tres estados de la Pen\u00ednsula de Yucat\u00e1n os d\u00edas jueves y viernes, mientras que para el s\u00e1bado se estiman valores durante el d\u00eda de los 31.0 a los 35.0 grados.<\/p>\n<p>En cuanto a los vientos, se anticipan de componente este-sureste de 15 a 25 kil\u00f3metros por hora (km\/h) con rachas de hasta los 45 km\/h en la zona costera de la Pen\u00ednsula de Yucat\u00e1n.<\/p>\n<p><\/p>\n","protected":false},"excerpt":{"rendered":"<p>Para los tres d\u00edas, no se descarta la presencia de actividad el\u00e9ctrica y rachas de viento fuerte en zonas de tormenta, por lo que se recomienda tomar<\/p>\n","protected":false},"author":1018,"featured_media":0,"comment_status":"open","ping_status":"open","sticky":false,"template":"","format":"standard","meta":{"tdm_status":"","tdm_grid_status":"","footnotes":""},"categories":[21],"tags":[],"_links":{"self":[{"href":"https:\/\/dralvarez.com.mx\/larevista\/wp-json\/wp\/v2\/posts\/58300"}],"collection":[{"href":"https:\/\/dralvarez.com.mx\/larevista\/wp-json\/wp\/v2\/posts"}],"about":[{"href":"https:\/\/dralvarez.com.mx\/larevista\/wp-json\/wp\/v2\/types\/post"}],"author":[{"embeddable":true,"href":"https:\/\/dralvarez.com.mx\/larevista\/wp-json\/wp\/v2\/users\/1018"}],"replies":[{"embeddable":true,"href":"https:\/\/dralvarez.com.mx\/larevista\/wp-json\/wp\/v2\/comments?post=58300"}],"version-history":[{"count":0,"href":"https:\/\/dralvarez.com.mx\/larevista\/wp-json\/wp\/v2\/posts\/58300\/revisions"}],"wp:attachment":[{"href":"https:\/\/dralvarez.com.mx\/larevista\/wp-json\/wp\/v2\/media?parent=58300"}],"wp:term":[{"taxonomy":"category","embeddable":true,"href":"https:\/\/dralvarez.com.mx\/larevista\/wp-json\/wp\/v2\/categories?post=58300"},{"taxonomy":"post_tag","embeddable":true,"href":"https:\/\/dralvarez.com.mx\/larevista\/wp-json\/wp\/v2\/tags?post=58300"}],"curies":[{"name":"wp","href":"https:\/\/api.w.org\/{rel}","templated":true}]}}