{"id":58299,"date":"2017-09-28T00:00:00","date_gmt":"2017-09-28T06:00:00","guid":{"rendered":"https:\/\/dralvarez.com.mx\/larevista\/blog\/yucatan-debe-estar-preparado-para-los-retos-del-crecimiento-17890"},"modified":"2017-09-28T00:00:00","modified_gmt":"2017-09-28T06:00:00","slug":"yucatan-debe-estar-preparado-para-los-retos-del-crecimiento-17890","status":"publish","type":"post","link":"https:\/\/dralvarez.com.mx\/larevista\/yucatan\/yucatan-debe-estar-preparado-para-los-retos-del-crecimiento-17890","title":{"rendered":"Yucat\u00e1n debe estar preparado para los retos del crecimiento"},"content":{"rendered":"<\/p>\n<p>Cacalch\u00e9n, Yucat\u00e1n, 27 de septiembre de 2017.- Con gran emoci\u00f3n, Jes\u00fas agarr\u00f3 la cuchara con la que tom\u00f3 un poco de mezcla de cemento de la cubeta y la coloc\u00f3 en los cimientos del que ser\u00e1 su nuevo sal\u00f3n para despu\u00e9s poner junto con el titular de la Secretar\u00eda de Desarrollo Social (Sedesol), Mauricio Sahu\u00ed Rivero, el primer bloque.<\/p>\n<p>Sonriente, el peque\u00f1o de cinco a\u00f1os que estudia el tercer grado de preescolar en el colegio \u201cRita Cetina Guti\u00e9rrez\u201d de Cacalch\u00e9n, indic\u00f3 que se sent\u00eda muy feliz de tener pronto un sal\u00f3n m\u00e1s c\u00f3modo donde seguir\u00e1 aprendiendo.<\/p>\n<p>\u201cGracias por nuestro nuevo sal\u00f3n, estamos contentos\u201d, expres\u00f3.<\/p>\n<p>Tras poner en marcha el inicio de la obra en compa\u00f1\u00eda de los estudiantes, madres de familia y habitantes de la comunidad, Sahu\u00ed Rivero destac\u00f3 que el aula que se construye con una inversi\u00f3n superior a los 540 mil pesos provenientes de Ramo 23 es una realidad gracias al trabajo coordinado de los tres \u00f3rdenes de gobierno.<\/p>\n<p>\u201cYucat\u00e1n debe seguir preparando a quienes ser\u00e1n los ciudadanos del futuro para que afronten debidamente los retos que desafiar\u00e1n sus capacidades y pondr\u00e1n a prueba sus talento. Estamos en una din\u00e1mica de crecimiento que requiere a hombres y mujeres competitivos\u201d, manifest\u00f3.<\/p>\n<p>El funcionario estatal reiter\u00f3 el compromiso de continuar trabajando sobre la ruta trazada que permite a Yucat\u00e1n ser el estado m\u00e1s seguro del pa\u00eds, con un crecimiento econ\u00f3mico importante y que atiende el combate a las carencias sociales.<\/p>\n<p>\u201cPor eso nos da tanto gusto estar ac\u00e1 en el inicio de este sal\u00f3n, porque nuestras ni\u00f1as y ni\u00f1os de hoy son semillas que si les damos las herramientas ser\u00e1n troncos fuertes que van a formar una sociedad de gente buena, yucatecos preparados, respetuosos y solidarios con los dem\u00e1s\u201d, apunt\u00f3.<\/p>\n<p>La directora del plantel, Beatriz Pat Espadas, explic\u00f3 que la escuela funciona desde hace 18 a\u00f1os y la demanda educativa ha crecido, por lo que el nuevo espacio servir\u00e1 para dar una educaci\u00f3n digna a las ni\u00f1as y ni\u00f1os.<\/p>\n<p>\u201cCuando los trabajos concluyan se pasar\u00e1 a los alumnos de tercero que actualmente toman clases en un sal\u00f3n que solo tiene unas ventanitas porque en un principio no se daban clases ah\u00ed. Y ese espacio se va a utilizar para actividades pedag\u00f3gicas, talleres con padres de familia que se hac\u00edan en el patio\u201d, expuso.<\/p>\n<p>La presidenta de la sociedad de padres de familia del plantel, Nelby Balam Espadas, agradeci\u00f3 la obra a las autoridades porque ser\u00e1 de beneficio para la educaci\u00f3n de los 95 infantes que estudian ah\u00ed.<\/p>\n<p><\/p>\n","protected":false},"excerpt":{"rendered":"<p>Inician obras en una escuela de Cacalch\u00e9n<\/p>\n","protected":false},"author":1018,"featured_media":0,"comment_status":"open","ping_status":"open","sticky":false,"template":"","format":"standard","meta":{"tdm_status":"","tdm_grid_status":"","footnotes":""},"categories":[21],"tags":[],"_links":{"self":[{"href":"https:\/\/dralvarez.com.mx\/larevista\/wp-json\/wp\/v2\/posts\/58299"}],"collection":[{"href":"https:\/\/dralvarez.com.mx\/larevista\/wp-json\/wp\/v2\/posts"}],"about":[{"href":"https:\/\/dralvarez.com.mx\/larevista\/wp-json\/wp\/v2\/types\/post"}],"author":[{"embeddable":true,"href":"https:\/\/dralvarez.com.mx\/larevista\/wp-json\/wp\/v2\/users\/1018"}],"replies":[{"embeddable":true,"href":"https:\/\/dralvarez.com.mx\/larevista\/wp-json\/wp\/v2\/comments?post=58299"}],"version-history":[{"count":0,"href":"https:\/\/dralvarez.com.mx\/larevista\/wp-json\/wp\/v2\/posts\/58299\/revisions"}],"wp:attachment":[{"href":"https:\/\/dralvarez.com.mx\/larevista\/wp-json\/wp\/v2\/media?parent=58299"}],"wp:term":[{"taxonomy":"category","embeddable":true,"href":"https:\/\/dralvarez.com.mx\/larevista\/wp-json\/wp\/v2\/categories?post=58299"},{"taxonomy":"post_tag","embeddable":true,"href":"https:\/\/dralvarez.com.mx\/larevista\/wp-json\/wp\/v2\/tags?post=58299"}],"curies":[{"name":"wp","href":"https:\/\/api.w.org\/{rel}","templated":true}]}}