{"id":58298,"date":"2017-09-28T00:00:00","date_gmt":"2017-09-28T06:00:00","guid":{"rendered":"https:\/\/dralvarez.com.mx\/larevista\/blog\/mas-alianzas-a-favor-de-la-igualdad-entre-mujeres-y-hombres-17889"},"modified":"2017-09-28T00:00:00","modified_gmt":"2017-09-28T06:00:00","slug":"mas-alianzas-a-favor-de-la-igualdad-entre-mujeres-y-hombres-17889","status":"publish","type":"post","link":"https:\/\/dralvarez.com.mx\/larevista\/yucatan\/mas-alianzas-a-favor-de-la-igualdad-entre-mujeres-y-hombres-17889","title":{"rendered":"M\u00e1s alianzas a favor de la igualdad entre mujeres y hombres"},"content":{"rendered":"<\/p>\n<div>\n<div>\n<div>\n<p>Motul, Yucat\u00e1n, 27 de septiembre de 2017.-  Establecer las bases generales y los mecanismos operativos de colaboraci\u00f3n para llevar a cabo acciones con perspectiva de g\u00e9nero, son los objetivos del convenio signado entre los Institutos para la Igualdad entre Mujeres y Hombres (Ipiemh) y el Tecnol\u00f3gico Superior (ITS) de Motul.<\/p>\n<p>La titular del Ipiemh, Alaine L\u00f3pez Brice\u00f1o, declar\u00f3 ante el director General de esta casa de estudios, C\u00e9sar Isabel P\u00e9rez Flota, que la suma de esfuerzos permitir\u00e1 la elaboraci\u00f3n de propuestas, programas acad\u00e9micos, conferencias, campa\u00f1as de sensibilizaci\u00f3n y eventos enfocados al tema de los derechos humanos de las mujeres y los hombres, as\u00ed como de la prevenci\u00f3n de la violencia contra ellas.<\/p>\n<p>Como parte de la ceremonia, el director de Planeaci\u00f3n e Investigaci\u00f3n de la dependencia, Josu\u00e9 Sosa C\u00e1mara, imparti\u00f3 una pl\u00e1tica sobre el g\u00e9nero y la igualdad, dirigida a estudiantes y personal docente del plantel.<\/p>\n<p>El citado acuerdo tambi\u00e9n tiene la finalidad de educar, generar el conocimiento, promover y divulgar  la cultura de los derechos humanos con perspectiva de g\u00e9nero a quienes habitan en Yucat\u00e1n.<\/p>\n<p>Atestiguaron la firma del convenio la directora de Vinculaci\u00f3n Institucional del Ipiemh, Cuzam Cruz L\u00f3pez, y el jefe de Divisi\u00f3n de Vinculaci\u00f3n del ITS de Motul, Ronnie Palma G\u00f3mez.<\/p>\n<\/div>\n<div>\n<div>\n<div>\n<div>\n<div>\n<div>\n<div><\/div>\n<div><\/div>\n<div><\/div>\n<\/div>\n<\/div>\n<\/div>\n<\/div>\n<\/div>\n<\/div>\n<\/div>\n<\/div>\n","protected":false},"excerpt":{"rendered":"<p>El Ipiemh y el  ITS de Motul firman convenio de colaboraci\u00f3n.<\/p>\n","protected":false},"author":1018,"featured_media":0,"comment_status":"open","ping_status":"open","sticky":false,"template":"","format":"standard","meta":{"tdm_status":"","tdm_grid_status":"","footnotes":""},"categories":[21],"tags":[],"_links":{"self":[{"href":"https:\/\/dralvarez.com.mx\/larevista\/wp-json\/wp\/v2\/posts\/58298"}],"collection":[{"href":"https:\/\/dralvarez.com.mx\/larevista\/wp-json\/wp\/v2\/posts"}],"about":[{"href":"https:\/\/dralvarez.com.mx\/larevista\/wp-json\/wp\/v2\/types\/post"}],"author":[{"embeddable":true,"href":"https:\/\/dralvarez.com.mx\/larevista\/wp-json\/wp\/v2\/users\/1018"}],"replies":[{"embeddable":true,"href":"https:\/\/dralvarez.com.mx\/larevista\/wp-json\/wp\/v2\/comments?post=58298"}],"version-history":[{"count":0,"href":"https:\/\/dralvarez.com.mx\/larevista\/wp-json\/wp\/v2\/posts\/58298\/revisions"}],"wp:attachment":[{"href":"https:\/\/dralvarez.com.mx\/larevista\/wp-json\/wp\/v2\/media?parent=58298"}],"wp:term":[{"taxonomy":"category","embeddable":true,"href":"https:\/\/dralvarez.com.mx\/larevista\/wp-json\/wp\/v2\/categories?post=58298"},{"taxonomy":"post_tag","embeddable":true,"href":"https:\/\/dralvarez.com.mx\/larevista\/wp-json\/wp\/v2\/tags?post=58298"}],"curies":[{"name":"wp","href":"https:\/\/api.w.org\/{rel}","templated":true}]}}