{"id":58291,"date":"2017-09-27T00:00:00","date_gmt":"2017-09-27T06:00:00","guid":{"rendered":"https:\/\/dralvarez.com.mx\/larevista\/blog\/abren-el-sexto-espacio-de-alimentacion-encuentro-y-desarrollo-de-maxcanu-17881"},"modified":"2017-09-27T00:00:00","modified_gmt":"2017-09-27T06:00:00","slug":"abren-el-sexto-espacio-de-alimentacion-encuentro-y-desarrollo-de-maxcanu-17881","status":"publish","type":"post","link":"https:\/\/dralvarez.com.mx\/larevista\/yucatan\/abren-el-sexto-espacio-de-alimentacion-encuentro-y-desarrollo-de-maxcanu-17881","title":{"rendered":"Abren el sexto Espacio de Alimentaci\u00f3n, Encuentro y Desarrollo de Maxcan\u00fa"},"content":{"rendered":"<\/p>\n<p>Maxcan\u00fa, Yucat\u00e1n, 27 de<br \/>\nseptiembre de 2017.- Para elevar la calidad de vida de los sectores m\u00e1s<br \/>\nvulnerables de la poblaci\u00f3n yucateca, la Presidenta del Sistema para el<br \/>\nDesarrollo Integral de la Familia (DIF) Yucat\u00e1n, Sarita Blancarte de Zapata,<br \/>\nencabez\u00f3 la inauguraci\u00f3n del Espacio de Alimentaci\u00f3n, Encuentro y Desarrollo<br \/>\n(EAED) \u2018\u2019Koox muul hanaal\u2019\u2019 en Kanach\u00e9n, comisar\u00eda de Maxcan\u00fa, que se suma a<br \/>\nlos cinco ya existentes en esta demarcaci\u00f3n.<\/p>\n<p>&nbsp;Con la apertura de este<br \/>\ncomedor n\u00famero 242 del estado, 119 maxcanuenses tendr\u00e1n acceso a un lugar de<br \/>\nsano convivio, donde estudiantes del k\u00ednder \u201cDoroteo Arango\u201d y la primaria<br \/>\n\u201cCandelaria Ruz Patr\u00f3n\u201d, personas adultas mayores, mujeres en etapa de<br \/>\nlactancia o embazadas, y quien tenga la necesidad de un plato de comida balanceado,<br \/>\nser\u00e1n bienvenidos en sus c\u00f3modas instalaciones.<\/p>\n<p>&nbsp;El director General del<br \/>\nDIF estatal, Jos\u00e9 Limber Sosa Lara, indic\u00f3 que este compromiso de mejorar la<br \/>\nalimentaci\u00f3n de los yucatecos, se cumple con la coordinaci\u00f3n de los tres<br \/>\n\u00f3rdenes del Gobierno, quienes se encargan del equipamiento, infraestructura,<br \/>\nas\u00ed como la capacitaci\u00f3n impartida por promotores del DIF, pero principalmente,<br \/>\nel plan funciona gracias a la suma de voluntades de cocineras y usuarios de los<br \/>\nsitios, que desinteresadamente dedican su tiempo a la organizaci\u00f3n y<br \/>\nelaboraci\u00f3n de men\u00fas.<\/p>\n<p>&nbsp;Despu\u00e9s de convivir con<br \/>\nlas 15 mujeres voluntarias que se encargan del EAED, Blancarte de Zapata<br \/>\natestigu\u00f3 los procesos de preparado y ayud\u00f3 a servir porciones de potaje<br \/>\ncaliente, fruta fresca y limonada fr\u00eda a todos los beneficiarios que acudieron<br \/>\na su primera visita.<\/p>\n<p>&nbsp; \u2018\u2019Este es un<br \/>\nedificio digno, confortable y seguro, con todas las condiciones de<br \/>\naccesibilidad que nos pide la norma. Estas obras han sido construidas bajo una<br \/>\nvisi\u00f3n incluyente para que quienes usan silla de ruedas puedan entrar y<br \/>\ndesplazarse sin problemas, adem\u00e1s de que en caso de alguna contingencia, podr\u00e1n<br \/>\nservir de refugio temporal\u201d, se\u00f1al\u00f3 Sosa Lara.<\/p>\n<p>&nbsp;En su intervenci\u00f3n, el<br \/>\nalcalde anfitri\u00f3n, R\u00f3mulo Isa\u00edas Uc Mart\u00edn, junto con su esposa, la presidenta<br \/>\ndel DIF municipal, Lourdes Mart\u00edn Castro, resalt\u00f3 que adem\u00e1s de servir como<br \/>\ncomedor, &nbsp;ser\u00e1 un lugar para esparcimiento recreativo, donde ni\u00f1as, ni\u00f1os,<br \/>\nadolescentes y adultos podr\u00e1n acudir a convivios sociales y de integraci\u00f3n<br \/>\nfamiliar.<\/p>\n<p>&nbsp;\u2018\u2019Es un espacio firme y<br \/>\ns\u00f3lido que podr\u00e1 usarse para protecci\u00f3n, as\u00ed como para hacer las actividades<br \/>\nque la comunidad de Kanach\u00e9n desee, esto es un ramo de infraestructura social<br \/>\nque tuvo una inversi\u00f3n total de un mill\u00f3n 248 mil doscientos 51 pesos\u2019\u2019,<br \/>\ndetall\u00f3 Uc Mart\u00edn.<\/p>\n<p>&nbsp;Posteriormente, las<br \/>\nautoridades constataron que el equipamiento del lugar est\u00e9 completo y sea el<br \/>\nadecuado y visitaron el huerto org\u00e1nico, donde se cultiva r\u00e1banos, chiles,<br \/>\nzanahorias, epazote, entre otras legumbres, para garantizar platillos elaborados<br \/>\ncon productos locales, frescos y libres de pesticidas. <\/p>\n<p>De igual modo, en su gira de<br \/>\ntrabajo, la Presidenta del DIF Yucat\u00e1n acudi\u00f3 al EAED \u201cLa bendici\u00f3n de Dios\u201d,<br \/>\nubicado en Kopom\u00e1 para supervisar que las labores se estuviesen realizando de<br \/>\nmanera organizada, limpia e higi\u00e9nica. <\/p>\n<p>Estuvieron en el evento las<br \/>\ndamas voluntarias del Centro de Atenci\u00f3n Integral al Menor en Desamparo<br \/>\n(Caimede), la artista de teatro regional, Salom\u00e9 Sansores \u201cChepita\u201d y el<br \/>\nrepresentante de Escudo Universitario, Jos\u00e9 Miguel Rodr\u00edguez.<\/p><\/p>\n","protected":false},"excerpt":{"rendered":"<p>La Presidenta del DIF Yucat\u00e1n puso a disposici\u00f3n en la comisar\u00eda de Kanach\u00e9n el comedor n\u00famero 242 del estado.<\/p>\n","protected":false},"author":1018,"featured_media":0,"comment_status":"open","ping_status":"open","sticky":false,"template":"","format":"standard","meta":{"tdm_status":"","tdm_grid_status":"","footnotes":""},"categories":[21],"tags":[],"_links":{"self":[{"href":"https:\/\/dralvarez.com.mx\/larevista\/wp-json\/wp\/v2\/posts\/58291"}],"collection":[{"href":"https:\/\/dralvarez.com.mx\/larevista\/wp-json\/wp\/v2\/posts"}],"about":[{"href":"https:\/\/dralvarez.com.mx\/larevista\/wp-json\/wp\/v2\/types\/post"}],"author":[{"embeddable":true,"href":"https:\/\/dralvarez.com.mx\/larevista\/wp-json\/wp\/v2\/users\/1018"}],"replies":[{"embeddable":true,"href":"https:\/\/dralvarez.com.mx\/larevista\/wp-json\/wp\/v2\/comments?post=58291"}],"version-history":[{"count":0,"href":"https:\/\/dralvarez.com.mx\/larevista\/wp-json\/wp\/v2\/posts\/58291\/revisions"}],"wp:attachment":[{"href":"https:\/\/dralvarez.com.mx\/larevista\/wp-json\/wp\/v2\/media?parent=58291"}],"wp:term":[{"taxonomy":"category","embeddable":true,"href":"https:\/\/dralvarez.com.mx\/larevista\/wp-json\/wp\/v2\/categories?post=58291"},{"taxonomy":"post_tag","embeddable":true,"href":"https:\/\/dralvarez.com.mx\/larevista\/wp-json\/wp\/v2\/tags?post=58291"}],"curies":[{"name":"wp","href":"https:\/\/api.w.org\/{rel}","templated":true}]}}