{"id":58290,"date":"2017-09-27T00:00:00","date_gmt":"2017-09-27T06:00:00","guid":{"rendered":"https:\/\/dralvarez.com.mx\/larevista\/blog\/multaran-con-1200-pesos-por-ocupar-estacionamientos-para-personas-con-discapacidad-17880"},"modified":"2017-09-27T00:00:00","modified_gmt":"2017-09-27T06:00:00","slug":"multaran-con-1200-pesos-por-ocupar-estacionamientos-para-personas-con-discapacidad-17880","status":"publish","type":"post","link":"https:\/\/dralvarez.com.mx\/larevista\/yucatan\/multaran-con-1200-pesos-por-ocupar-estacionamientos-para-personas-con-discapacidad-17880","title":{"rendered":"Multar\u00e1n con 1,200 pesos por ocupar estacionamientos para personas con discapacidad"},"content":{"rendered":"<p>M\u00e9rida, Yuc., a 27 de septiembre de 2017.- Ante los integrantes del Consejo Municipal para la Integraci\u00f3n de Personas con Discapacidad en el Municipio de M\u00e9rida se present\u00f3 la campa\u00f1a \u201cPor un Yucat\u00e1n incluyente\u201d, que realiza de manera coordinada la Comisi\u00f3n de Derechos Humanos del Estado de Yucat\u00e1n, la Secretar\u00eda de Seguridad P\u00fablica de Yucat\u00e1n y la Polic\u00eda Municipal de M\u00e9rida.<\/p>\n<p>El Presidente de la CODHEY, Jos\u00e9 Enrique Goff Ailloud, precis\u00f3 que el objetivo de la campa\u00f1a es hacer conciencia en la sociedad de la importancia de respetar los espacios p\u00fablicos para estacionar y las rampas destinados para las personas con discapacidad, a trav\u00e9s de la difusi\u00f3n, en redes sociales y medios de comunicaci\u00f3n, del art\u00edculo 270 del Reglamento de la Ley de Tr\u00e1nsito y Vialidad del Estado de Yucat\u00e1n que establece la sanci\u00f3n de 15 Unidades de Medidas y Actualizaci\u00f3n (UMA) que equivalen a 1,200 pesos.<\/p>\n<p>Ante organizaciones civiles que conforman el Consejo Municipal, explic\u00f3 que la nueva se\u00f1al\u00e9tica se instalar\u00e1 en estacionamientos de plazas comerciales y espacios p\u00fablicos especificando el monto econ\u00f3mico de la multa por ocupar un lugar para una persona con discapacidad.<\/p>\n<p>Y pidi\u00f3 al representante de la C\u00e1mara Nacional de la Industria de Restaurantes y Alimentos Condimentados en Yucat\u00e1n, Roberto G. Cant\u00f3n que asisti\u00f3 al evento, el apoyo de los asociados para difundir los carteles con la informaci\u00f3n de la campa\u00f1a en sus establecimientos.<\/p>\n<p>El Ombudsman invit\u00f3 a los ciudadanos testigos de estos hechos a denunciar a trav\u00e9s del n\u00famero 911 a los infractores a fin de evitar confrontaciones y que la autoridad aplique el reglamento.<\/p>\n<p>La Sesi\u00f3n fue presidida por la Directora del DIF M\u00e9rida, Loreto Villanueva Trujillo y asistieron los diputados Elizabeth Gamboa Sol\u00eds y El\u00edas Lixa Abimerhi; el representante de la Canirac en Yucat\u00e1n, as\u00ed como las organizaciones que conforman el Consejo Municipal.<\/p>\n<p>Asimismo, el Presidente de la CODHEY present\u00f3 a los integrantes del Comit\u00e9 T\u00e9cnico de Consulta del Mecanismo Independiente de Monitoreo Estatal de la Convenci\u00f3n sobre los Derechos de las Personas con Discapacidad.<\/p>\n<p>Datos del Instituto Nacional de Estad\u00edstica y Geograf\u00eda (INEGI) se\u00f1alan que la prevalencia de la discapacidad en M\u00e9xico era del 6% de la poblaci\u00f3n de los 120 millones de mexicanos; en  Yucat\u00e1n la tasa de prevalencia de la discapacidad de 65 personas por cada mil habitantes, cuando la media del pa\u00eds es de 60 personas por cada mil; es decir, Yucat\u00e1n se encuentra  por encima de la media nacional. <\/p>\n<p>La discapacidad motriz es la m\u00e1s frecuente con un porcentaje de 64.1 %, seguida de la discapacidad visual con 58.4 % de incidencia; en Yucat\u00e1n el tipo de discapacidad m\u00e1s com\u00fan es la motriz con un 68.1 %, seguido de la discapacidad visual con 58.2 %.<\/p>\n","protected":false},"excerpt":{"rendered":"<p>Promueve la CODHEY, SSP y la Polic\u00eda de M\u00e9rida \u201cUn Yucat\u00e1n Incluyente\u201d.<\/p>\n","protected":false},"author":1018,"featured_media":0,"comment_status":"open","ping_status":"open","sticky":false,"template":"","format":"standard","meta":{"tdm_status":"","tdm_grid_status":"","footnotes":""},"categories":[21],"tags":[],"_links":{"self":[{"href":"https:\/\/dralvarez.com.mx\/larevista\/wp-json\/wp\/v2\/posts\/58290"}],"collection":[{"href":"https:\/\/dralvarez.com.mx\/larevista\/wp-json\/wp\/v2\/posts"}],"about":[{"href":"https:\/\/dralvarez.com.mx\/larevista\/wp-json\/wp\/v2\/types\/post"}],"author":[{"embeddable":true,"href":"https:\/\/dralvarez.com.mx\/larevista\/wp-json\/wp\/v2\/users\/1018"}],"replies":[{"embeddable":true,"href":"https:\/\/dralvarez.com.mx\/larevista\/wp-json\/wp\/v2\/comments?post=58290"}],"version-history":[{"count":0,"href":"https:\/\/dralvarez.com.mx\/larevista\/wp-json\/wp\/v2\/posts\/58290\/revisions"}],"wp:attachment":[{"href":"https:\/\/dralvarez.com.mx\/larevista\/wp-json\/wp\/v2\/media?parent=58290"}],"wp:term":[{"taxonomy":"category","embeddable":true,"href":"https:\/\/dralvarez.com.mx\/larevista\/wp-json\/wp\/v2\/categories?post=58290"},{"taxonomy":"post_tag","embeddable":true,"href":"https:\/\/dralvarez.com.mx\/larevista\/wp-json\/wp\/v2\/tags?post=58290"}],"curies":[{"name":"wp","href":"https:\/\/api.w.org\/{rel}","templated":true}]}}