{"id":58285,"date":"2017-09-27T00:00:00","date_gmt":"2017-09-27T06:00:00","guid":{"rendered":"https:\/\/dralvarez.com.mx\/larevista\/blog\/isstey-reactiva-servicios-a-trabajadores-de-la-utm-17875"},"modified":"2017-09-27T00:00:00","modified_gmt":"2017-09-27T06:00:00","slug":"isstey-reactiva-servicios-a-trabajadores-de-la-utm-17875","status":"publish","type":"post","link":"https:\/\/dralvarez.com.mx\/larevista\/yucatan\/isstey-reactiva-servicios-a-trabajadores-de-la-utm-17875","title":{"rendered":"\u200bIsstey reactiva servicios a trabajadores de la UTM"},"content":{"rendered":"<p>M\u00e9rida, Yucat\u00e1n, 27 de septiembre de 2017.- Los<br \/>\nempleados de la Universidad Tecnol\u00f3gica Metropolitana (UTM) tendr\u00e1n de nueva<br \/>\ncuenta los beneficios que otorga el Instituto de Seguridad Social de los<br \/>\nTrabajadores del Estado de Yucat\u00e1n (Isstey) tras establecerse un acuerdo para<br \/>\nregularizar sus aportaciones y saldar un adeudo de m\u00e1s de 19 millones de pesos<br \/>\ncon la instituci\u00f3n, correspondiente al per\u00edodo comprendido de la segunda<br \/>\nquincena de junio de 2015 hasta la segunda quincena de agosto del presente a\u00f1o.<\/p>\n<\/p>\n<p>Nuestro compromiso es garantizar el bienestar de<br \/>\nlos servidores p\u00fablicos y sus familias, tal como lo ha instruido el Gobernador<br \/>\nRolando Zapata Bello, afirm\u00f3 la directora General del organismo, Gabriela<br \/>\nC\u00e1ceres Vergara, al firmar el documento ante el titular de la Secretar\u00eda de<br \/>\nInvestigaci\u00f3n, Innovaci\u00f3n y Educaci\u00f3n Superior (Siies), Ra\u00fal Godoy Monta\u00f1ez.<\/p>\n<p>Dijo que este convenio es un ejemplo de la<br \/>\nestrecha coordinaci\u00f3n que se tiene con las instituciones, ayuntamientos y<br \/>\nentidades p\u00fablicas coordinadas y descentralizadas de car\u00e1cter estatal que han<br \/>\nca\u00eddo en mora y tienen la voluntad de ponerse al d\u00eda en sus pagos.<\/p>\n<p>En el evento, se explic\u00f3 que la UTM se<br \/>\ncompromete a saldar su adeudo mediante 13 pagos mensuales y consecutivos. El<br \/>\nprimero ser\u00e1 el d\u00eda 30 de septiembre de 2017 y el \u00faltimo el d\u00eda 31 de agosto de<br \/>\n2018.<\/p>\n<p>El convenio fue signado tambi\u00e9n por el rector de<br \/>\nla casa de estudios, Jes\u00fas Alpizar Carrillo, y el subdirector de Pensiones y<br \/>\nGesti\u00f3n Financiera del Isstey, Juan Sebasti\u00e1n Ancona Escalante.<\/p><\/p>\n","protected":false},"excerpt":{"rendered":"<p>Nuestro compromiso es garantizar el bienestar de los servidores p\u00fablicos y sus familias, tal como lo ha instruido el Gobernador Rolando Zapata Bello,<\/p>\n","protected":false},"author":1018,"featured_media":0,"comment_status":"open","ping_status":"open","sticky":false,"template":"","format":"standard","meta":{"tdm_status":"","tdm_grid_status":"","footnotes":""},"categories":[21],"tags":[],"_links":{"self":[{"href":"https:\/\/dralvarez.com.mx\/larevista\/wp-json\/wp\/v2\/posts\/58285"}],"collection":[{"href":"https:\/\/dralvarez.com.mx\/larevista\/wp-json\/wp\/v2\/posts"}],"about":[{"href":"https:\/\/dralvarez.com.mx\/larevista\/wp-json\/wp\/v2\/types\/post"}],"author":[{"embeddable":true,"href":"https:\/\/dralvarez.com.mx\/larevista\/wp-json\/wp\/v2\/users\/1018"}],"replies":[{"embeddable":true,"href":"https:\/\/dralvarez.com.mx\/larevista\/wp-json\/wp\/v2\/comments?post=58285"}],"version-history":[{"count":0,"href":"https:\/\/dralvarez.com.mx\/larevista\/wp-json\/wp\/v2\/posts\/58285\/revisions"}],"wp:attachment":[{"href":"https:\/\/dralvarez.com.mx\/larevista\/wp-json\/wp\/v2\/media?parent=58285"}],"wp:term":[{"taxonomy":"category","embeddable":true,"href":"https:\/\/dralvarez.com.mx\/larevista\/wp-json\/wp\/v2\/categories?post=58285"},{"taxonomy":"post_tag","embeddable":true,"href":"https:\/\/dralvarez.com.mx\/larevista\/wp-json\/wp\/v2\/tags?post=58285"}],"curies":[{"name":"wp","href":"https:\/\/api.w.org\/{rel}","templated":true}]}}