{"id":58278,"date":"2017-09-27T00:00:00","date_gmt":"2017-09-27T06:00:00","guid":{"rendered":"https:\/\/dralvarez.com.mx\/larevista\/blog\/el-senador-daniel-avila-participa-en-la-aprobacion-de-dos-instrumentos-internacionales-17866"},"modified":"2017-09-27T00:00:00","modified_gmt":"2017-09-27T06:00:00","slug":"el-senador-daniel-avila-participa-en-la-aprobacion-de-dos-instrumentos-internacionales-17866","status":"publish","type":"post","link":"https:\/\/dralvarez.com.mx\/larevista\/yucatan\/el-senador-daniel-avila-participa-en-la-aprobacion-de-dos-instrumentos-internacionales-17866","title":{"rendered":"El Senador Daniel \u00c1vila participa en la aprobaci\u00f3n de dos instrumentos internacionales"},"content":{"rendered":"<\/p>\n<p>El<br \/>\nPleno del Senado de la Rep\u00fablica ratific\u00f3, en sesi\u00f3n del martes 26 de<br \/>\nseptiembre de 2017, el Acuerdo de Cooperaci\u00f3n entre el Gobierno de los Estados<br \/>\nUnidos Mexicanos y el Gobierno del Reino de Arabia Saudita en materia de<br \/>\nCombate a la Delincuencia Transnacional, firmado en la Ciudad de Riad el 17 de<br \/>\nenero del 2016.<\/p>\n<p>El<br \/>\nSenador Daniel \u00c1vila Ruiz, Secretario de la Comisi\u00f3n Asia-Pac\u00edfico del Senado<br \/>\nde la Rep\u00fablica, expreso que este instrumento promueve la colaboraci\u00f3n para<br \/>\ncombatir los fen\u00f3menos de delincuencia organizada, que pueden lesionar los<br \/>\nintereses de ambos pa\u00edses y resalt\u00f3 que dicho instrumento es congruente con la<br \/>\npol\u00edtica exterior mexicana conducida por el Titular del Ejecutivo Federal hacia<br \/>\nlos pa\u00edses de Medio Oriente.<\/p>\n<p>Por<br \/>\nsu parte, la senadora Pilar Ortega<br \/>\nMart\u00ednez, presidenta de la Comisi\u00f3n de Justicia, alert\u00f3 que el crimen<br \/>\norganizado se ha diversificado \u201ca tal grado que ha alcanzado dimensiones<br \/>\nmacroecon\u00f3micas en actividades il\u00edcitas\u201d.<a target=\"_blank\" rel=\"nofollow noopener\">[1]<\/a><\/p>\n<p>En la misma sesi\u00f3n, el Pleno del<br \/>\nSenado ratific\u00f3 el<br \/>\nConvenio de Cooperaci\u00f3n Cient\u00edfica y T\u00e9cnica entre los Estados Unidos Mexicanos<br \/>\ny la Rep\u00fablica Isl\u00e1mica de Pakist\u00e1n, firmado en la Ciudad de M\u00e9xico el 11 de<br \/>\nmarzo de 2015.<\/p>\n<p>Al respecto el Senador Daniel \u00c1vila Ruiz, puntualizo<br \/>\nque el intercambio de docentes, alumnos<br \/>\ny becarios para la realizaci\u00f3n de estad\u00edas de investigaci\u00f3n, as\u00ed como estudios<br \/>\nde especializaci\u00f3n y posgrado, que se encuentra se\u00f1alado en el convenio como<br \/>\nuna modalidad de cooperaci\u00f3n, brindar\u00e1 grandes oportunidades de desarrollo para<br \/>\nlos profesionistas de nuestro pa\u00eds, lo que se traducir\u00e1 en ciudadanos mejor<br \/>\npreparados para contribuir con el desarrollo econ\u00f3mico, pol\u00edtico y social de<br \/>\nM\u00e9xico.<\/p><\/p>\n","protected":false},"excerpt":{"rendered":"<p>\u2022\tSe ratifica un Acuerdo y un convenio de cooperaci\u00f3n con Arabia Saudita y Pakist\u00e1n.<\/p>\n","protected":false},"author":1018,"featured_media":0,"comment_status":"open","ping_status":"open","sticky":false,"template":"","format":"standard","meta":{"tdm_status":"","tdm_grid_status":"","footnotes":""},"categories":[21],"tags":[],"_links":{"self":[{"href":"https:\/\/dralvarez.com.mx\/larevista\/wp-json\/wp\/v2\/posts\/58278"}],"collection":[{"href":"https:\/\/dralvarez.com.mx\/larevista\/wp-json\/wp\/v2\/posts"}],"about":[{"href":"https:\/\/dralvarez.com.mx\/larevista\/wp-json\/wp\/v2\/types\/post"}],"author":[{"embeddable":true,"href":"https:\/\/dralvarez.com.mx\/larevista\/wp-json\/wp\/v2\/users\/1018"}],"replies":[{"embeddable":true,"href":"https:\/\/dralvarez.com.mx\/larevista\/wp-json\/wp\/v2\/comments?post=58278"}],"version-history":[{"count":0,"href":"https:\/\/dralvarez.com.mx\/larevista\/wp-json\/wp\/v2\/posts\/58278\/revisions"}],"wp:attachment":[{"href":"https:\/\/dralvarez.com.mx\/larevista\/wp-json\/wp\/v2\/media?parent=58278"}],"wp:term":[{"taxonomy":"category","embeddable":true,"href":"https:\/\/dralvarez.com.mx\/larevista\/wp-json\/wp\/v2\/categories?post=58278"},{"taxonomy":"post_tag","embeddable":true,"href":"https:\/\/dralvarez.com.mx\/larevista\/wp-json\/wp\/v2\/tags?post=58278"}],"curies":[{"name":"wp","href":"https:\/\/api.w.org\/{rel}","templated":true}]}}