{"id":58277,"date":"2017-09-27T00:00:00","date_gmt":"2017-09-27T06:00:00","guid":{"rendered":"https:\/\/dralvarez.com.mx\/larevista\/blog\/en-camino-mas-de-60-toneladas-de-ayuda-para-familias-de-oaxaca-17865"},"modified":"2017-09-27T00:00:00","modified_gmt":"2017-09-27T06:00:00","slug":"en-camino-mas-de-60-toneladas-de-ayuda-para-familias-de-oaxaca-17865","status":"publish","type":"post","link":"https:\/\/dralvarez.com.mx\/larevista\/yucatan\/en-camino-mas-de-60-toneladas-de-ayuda-para-familias-de-oaxaca-17865","title":{"rendered":"En camino, m\u00e1s de 60 toneladas de ayuda para familias de Oaxaca"},"content":{"rendered":"<\/p>\n<p>M\u00e9rida, Yucat\u00e1n, 27 de septiembre de 2017.- Desde las primeras horas de este d\u00eda, voluntarios y colaboradores del Sistema para el Desarrollo Integral de la Familia (DIF) estatal se reunieron en el centro de acopio para organizar las labores de carga de los veh\u00edculos, que en esta ocasi\u00f3n transportan hacia Oaxaca m\u00e1s de 60 toneladas de ayuda humanitaria. <\/p>\n<p>Acompa\u00f1ada de sociedad civil, empresarios, autoridades y artistas que han hecho sus donativos, la Presidenta del DIF Yucat\u00e1n, Sarita Blancarte de Zapata, supervis\u00f3 el \u00e1rea de clasificado de productos dispuesta en el Polif\u00f3rum Zamn\u00e1 del Complejo Deportivo \u201cKukulc\u00e1n\u201d. <\/p>\n<p>&#8220;Viajen con precauci\u00f3n, ustedes llevan la representaci\u00f3n de la solidaridad del pueblo yucateco. Aseg\u00farense de entregar el cargamento en tiempo y forma&#8221;, le coment\u00f3 Blancarte de Zapata a Joel Alonso Cort\u00e9s y Ricardo Fuentes Trejo trabajadores del Sistema DIF, responsables de la entrega de los contenedores.<\/p>\n<p>Antes de que todos los asistentes se unan al banderazo de salida de dos tr\u00e1ilers que contienen material curativo, ropa, cobijas, alimentos no perecederos y productos de higiene personal, entre otros, el director General del organismo de asistencia social, Jos\u00e9 Limber Sosa Lara, detall\u00f3 que ya suman m\u00e1s de 252 toneladas de apoyo enviadas a las familias damnificadas de Oaxaca y Chiapas. <\/p>\n<p>&#8220;Procuramos hacer este ejercicio de organizaci\u00f3n y coordinaci\u00f3n de la manera m\u00e1s transparente y eficaz, para que la ayuda llegue lo antes posible. Cientos de ciudadanos han llevado al centro de acopio de la avenida Alem\u00e1n su donativo y se quedan con nosotros a clasificar, ellos pueden dar fe de que as\u00ed como ha ido llegando la ayuda, le estamos dando salida. Adem\u00e1s de llevar art\u00edculos, plasman mensajes de cari\u00f1o y fortaleza para quienes en este momento pasan por alguna situaci\u00f3n dif\u00edcil&#8221;, indic\u00f3. <\/p>\n<p>Junto con el director de la Unidad Estatal de Protecci\u00f3n Civil (Procivy), Aar\u00f3n Palomo Eu\u00e1n, Sosa Lara agradeci\u00f3 a los empresarios que han puesto a disposici\u00f3n sus unidades y el combustible para trasladar los insumos, tales como Turis Tetiz y, Diconsa, as\u00ed como Grupos Gal, Z y Coma. <\/p>\n<p>Por su parte, Gabriel Castro P\u00e9rez, quien labora en Procivy, inform\u00f3 que en el centro de acopio del Polif\u00f3rum Zamn\u00e1, los donativos han fluido bien y hay desde quienes llevan un kilo de frijol, hasta quienes aportan herramientas de limpieza o medicamentos especializados. <\/p>\n<p>&#8220;Hemos recibido todos los d\u00edas productos que traen quienes vienen a correr o hacer sus rutinas al \u2018Kukulc\u00e1n\u2019 . Han venido deportistas del Centro de Alto Rendimiento Deportivo y tambi\u00e9n han apoyado en labores de empaque los alumnos de la Preparatoria Estatal n\u00famero Uno&#8221;, se\u00f1al\u00f3. <\/p>\n<p><\/p>\n","protected":false},"excerpt":{"rendered":"<p>Autoridades refrendan su reconocimiento hacia los yucatecos solidarios.<\/p>\n","protected":false},"author":1018,"featured_media":0,"comment_status":"open","ping_status":"open","sticky":false,"template":"","format":"standard","meta":{"tdm_status":"","tdm_grid_status":"","footnotes":""},"categories":[21],"tags":[],"_links":{"self":[{"href":"https:\/\/dralvarez.com.mx\/larevista\/wp-json\/wp\/v2\/posts\/58277"}],"collection":[{"href":"https:\/\/dralvarez.com.mx\/larevista\/wp-json\/wp\/v2\/posts"}],"about":[{"href":"https:\/\/dralvarez.com.mx\/larevista\/wp-json\/wp\/v2\/types\/post"}],"author":[{"embeddable":true,"href":"https:\/\/dralvarez.com.mx\/larevista\/wp-json\/wp\/v2\/users\/1018"}],"replies":[{"embeddable":true,"href":"https:\/\/dralvarez.com.mx\/larevista\/wp-json\/wp\/v2\/comments?post=58277"}],"version-history":[{"count":0,"href":"https:\/\/dralvarez.com.mx\/larevista\/wp-json\/wp\/v2\/posts\/58277\/revisions"}],"wp:attachment":[{"href":"https:\/\/dralvarez.com.mx\/larevista\/wp-json\/wp\/v2\/media?parent=58277"}],"wp:term":[{"taxonomy":"category","embeddable":true,"href":"https:\/\/dralvarez.com.mx\/larevista\/wp-json\/wp\/v2\/categories?post=58277"},{"taxonomy":"post_tag","embeddable":true,"href":"https:\/\/dralvarez.com.mx\/larevista\/wp-json\/wp\/v2\/tags?post=58277"}],"curies":[{"name":"wp","href":"https:\/\/api.w.org\/{rel}","templated":true}]}}