{"id":58274,"date":"2017-09-27T00:00:00","date_gmt":"2017-09-27T06:00:00","guid":{"rendered":"https:\/\/dralvarez.com.mx\/larevista\/blog\/canaco-merida-y-concanaco-ofreceran-platica-sobre-nuevo-sistema-de-facturacion-del-sat-17862"},"modified":"2017-09-27T00:00:00","modified_gmt":"2017-09-27T06:00:00","slug":"canaco-merida-y-concanaco-ofreceran-platica-sobre-nuevo-sistema-de-facturacion-del-sat-17862","status":"publish","type":"post","link":"https:\/\/dralvarez.com.mx\/larevista\/yucatan\/canaco-merida-y-concanaco-ofreceran-platica-sobre-nuevo-sistema-de-facturacion-del-sat-17862","title":{"rendered":"CANACO M\u00e9rida y CONCANACO ofrecer\u00e1n pl\u00e1tica sobre nuevo sistema de facturaci\u00f3n del SAT"},"content":{"rendered":"<\/p>\n<p><b>M\u00e9rida, Yucat\u00e1n, 27 de septiembre de 2017.- <\/b>Para atender a los empresarios asociados en materia fiscal, la C\u00e1mara Nacional de Comercio, Servicios y Turismo (CANACO SERVYTUR) de M\u00e9rida, en coordinaci\u00f3n con la Confederaci\u00f3n de C\u00e1maras Nacionales de Comercio (CONCANACO) realizar\u00e1n el pr\u00f3ximo 3 de octubre una pl\u00e1tica sobre la actualizaci\u00f3n de facturaci\u00f3n del Sistema de Administraci\u00f3n Tributaria (SAT)<\/p>\n<p>El presidente de la CANACO M\u00e9rida, Juan Jos\u00e9 Abraham Daguer, explic\u00f3 que la pl\u00e1tica se program\u00f3 con la finalidad de despejar y aclarar las dudas de los afiliados, generadas por el nuevo sistema de facturaci\u00f3n, versi\u00f3n 3.3 del CFDI, que entr\u00f3 en vigor desde el pasado 1 de julio siendo obligatoria a partir del 1 de diciembre<\/p>\n<p>La CANACO M\u00e9rida, destac\u00f3, con el apoyo de la CONCANACO traer\u00e1n a la ciudad al Administrador Central del SAT Nacional, Adri\u00e1n Guarneros Tapia, para explicar el nuevo procedimiento que tienen que realizar los contribuyentes para cumplir con sus obligaciones ante la Secretar\u00eda de Hacienda.<\/p>\n<p>El evento, detall\u00f3, ser\u00e1 el pr\u00f3ximo martes 3 de octubre a las 11 de la ma\u00f1ana, con acceso al p\u00fablico en general y gratuito, en el Centro de Convenciones de la CANACO M\u00e9rida, donde se espera la asistencia de m\u00e1s de 300 personas.<\/p>\n<p>Abraham Daguer puntualiz\u00f3 sobre el objetivo principal de esta pl\u00e1tica, que va dirigida a que los asistentes se lleven toda la informaci\u00f3n precisa, completa y clara del nuevo sistema de facturaci\u00f3n, Versi\u00f3n 3.3, pues aun cuando ya est\u00e1 en vigor desde el 1 de julio pasado, ser\u00e1 obligatorio a partir del 1 de diciembre, por ello es importante que los empresarios est\u00e9n enterado, ya que muchos todav\u00eda siguen utilizando la Versi\u00f3n 3.2, que est\u00e1 permitida hasta el momento de la obligatoriedad de la ley.<\/p>\n<p>Por su parte, el secretario general de la CONCANACO, Jos\u00e9 Manuel L\u00f3pez Campos, indic\u00f3 que a la pl\u00e1tica en la sede de CANACO M\u00e9rida se ha invitado a las c\u00e1maras de comercio de los 4 estados del sureste, as\u00ed como a los presidentes de los organismos que integran el Consejo Coordinador Empresarial (CCE) en Yucat\u00e1n.<\/p>\n<p>Aunque el evento es abierto al p\u00fablico y sin costo, tendr\u00e1 un cupo limitado, por lo que es importante que quienes quieran asistir se registren antes del 3 de octubre asistiendo a la CANACO M\u00e9rida, ubicada en la Avenida Itzaes No. 273, Colonia Garc\u00eda Giner\u00e9s, o al tel\u00e9fono 942 8850, anot\u00f3.<\/p>\n<p><\/p>\n","protected":false},"excerpt":{"rendered":"<p>Ser\u00e1 el pr\u00f3ximo martes 3 de octubre a las 11 horas.<\/p>\n<p>La impartir\u00e1 Administrador Central del SAT Nacional, Adri\u00e1n Guarneros Tapia.<\/p>\n","protected":false},"author":1018,"featured_media":0,"comment_status":"open","ping_status":"open","sticky":false,"template":"","format":"standard","meta":{"tdm_status":"","tdm_grid_status":"","footnotes":""},"categories":[21],"tags":[],"_links":{"self":[{"href":"https:\/\/dralvarez.com.mx\/larevista\/wp-json\/wp\/v2\/posts\/58274"}],"collection":[{"href":"https:\/\/dralvarez.com.mx\/larevista\/wp-json\/wp\/v2\/posts"}],"about":[{"href":"https:\/\/dralvarez.com.mx\/larevista\/wp-json\/wp\/v2\/types\/post"}],"author":[{"embeddable":true,"href":"https:\/\/dralvarez.com.mx\/larevista\/wp-json\/wp\/v2\/users\/1018"}],"replies":[{"embeddable":true,"href":"https:\/\/dralvarez.com.mx\/larevista\/wp-json\/wp\/v2\/comments?post=58274"}],"version-history":[{"count":0,"href":"https:\/\/dralvarez.com.mx\/larevista\/wp-json\/wp\/v2\/posts\/58274\/revisions"}],"wp:attachment":[{"href":"https:\/\/dralvarez.com.mx\/larevista\/wp-json\/wp\/v2\/media?parent=58274"}],"wp:term":[{"taxonomy":"category","embeddable":true,"href":"https:\/\/dralvarez.com.mx\/larevista\/wp-json\/wp\/v2\/categories?post=58274"},{"taxonomy":"post_tag","embeddable":true,"href":"https:\/\/dralvarez.com.mx\/larevista\/wp-json\/wp\/v2\/tags?post=58274"}],"curies":[{"name":"wp","href":"https:\/\/api.w.org\/{rel}","templated":true}]}}