{"id":58265,"date":"2017-09-27T00:00:00","date_gmt":"2017-09-27T06:00:00","guid":{"rendered":"https:\/\/dralvarez.com.mx\/larevista\/blog\/dos-autos-se-impactaron-en-la-barda-de-una-escuela-17853"},"modified":"2017-09-27T00:00:00","modified_gmt":"2017-09-27T06:00:00","slug":"dos-autos-se-impactaron-en-la-barda-de-una-escuela-17853","status":"publish","type":"post","link":"https:\/\/dralvarez.com.mx\/larevista\/yucatan\/dos-autos-se-impactaron-en-la-barda-de-una-escuela-17853","title":{"rendered":"Dos autos se impactaron en la barda de una escuela"},"content":{"rendered":"<\/p>\n<p>M\u00e9rida, Yucat\u00e1n; 27 de septiembre de 2017 (ACOM).- Un par de veh\u00edculos se vieron involucrados en un hecho vial, el cual gener\u00f3 varios da\u00f1os materiales en la colonia Garc\u00eda Giner\u00e9s.<u><\/u><u><\/u><\/p>\n<p>El incidente se registr\u00f3 en una esquina de las calles 20 por 23 de dicha colonia, a un costado del parque de las Am\u00e9ricas, cuando un Jetta plateado, con placas YZK-359-B, se pas\u00f3 el alto de disco y colision\u00f3 a un Volkswagen con placas YXB-587-B que circulaba con preferencia sobre la 23.<u><\/u><u><\/u><\/p>\n<p>Debido al fuerte impacto, ambos veh\u00edculos salieron proyectados y se impactaron en la barda de una escuela particular, aunque no causaron da\u00f1o a la infraestructura.<u><\/u><u><\/u><\/p>\n<p>Al sitio arrib\u00f3 un agente de la polic\u00eda estatal, quien corrobor\u00f3 el hecho.<u><\/u><u><\/u><\/p>\n<p>No hubo lesionados pero si severos da\u00f1os en las unidades involucradas en el percance.<u><\/u><u><\/u><\/p>\n<p>Vecinos que presenciaron el hecho se\u00f1alaron que la se\u00f1al fue cambiada de la calle 23 a la 20, como parte de los trabajos que se hicieron en la avenida Col\u00f3n, lo que genera confusi\u00f3n en los guiadores.<u><\/u><u><\/u><\/p>\n<p>Afirmaron que constantemente ocurren incidentes viales por lo que consideraron necesario que las autoridades atiendan esta problem\u00e1tica.<\/p>\n<p><\/p>\n","protected":false},"excerpt":{"rendered":"<p>El cambio de una se\u00f1al confundi\u00f3 a los dos conductores.<\/p>\n","protected":false},"author":1018,"featured_media":0,"comment_status":"open","ping_status":"open","sticky":false,"template":"","format":"standard","meta":{"tdm_status":"","tdm_grid_status":"","footnotes":""},"categories":[21],"tags":[],"_links":{"self":[{"href":"https:\/\/dralvarez.com.mx\/larevista\/wp-json\/wp\/v2\/posts\/58265"}],"collection":[{"href":"https:\/\/dralvarez.com.mx\/larevista\/wp-json\/wp\/v2\/posts"}],"about":[{"href":"https:\/\/dralvarez.com.mx\/larevista\/wp-json\/wp\/v2\/types\/post"}],"author":[{"embeddable":true,"href":"https:\/\/dralvarez.com.mx\/larevista\/wp-json\/wp\/v2\/users\/1018"}],"replies":[{"embeddable":true,"href":"https:\/\/dralvarez.com.mx\/larevista\/wp-json\/wp\/v2\/comments?post=58265"}],"version-history":[{"count":0,"href":"https:\/\/dralvarez.com.mx\/larevista\/wp-json\/wp\/v2\/posts\/58265\/revisions"}],"wp:attachment":[{"href":"https:\/\/dralvarez.com.mx\/larevista\/wp-json\/wp\/v2\/media?parent=58265"}],"wp:term":[{"taxonomy":"category","embeddable":true,"href":"https:\/\/dralvarez.com.mx\/larevista\/wp-json\/wp\/v2\/categories?post=58265"},{"taxonomy":"post_tag","embeddable":true,"href":"https:\/\/dralvarez.com.mx\/larevista\/wp-json\/wp\/v2\/tags?post=58265"}],"curies":[{"name":"wp","href":"https:\/\/api.w.org\/{rel}","templated":true}]}}