{"id":58248,"date":"2017-09-27T00:00:00","date_gmt":"2017-09-27T06:00:00","guid":{"rendered":"https:\/\/dralvarez.com.mx\/larevista\/blog\/ayuda-humanitaria-de-la-sedesol-para-damnificados-por-los-sismos-17836"},"modified":"2017-09-27T00:00:00","modified_gmt":"2017-09-27T06:00:00","slug":"ayuda-humanitaria-de-la-sedesol-para-damnificados-por-los-sismos-17836","status":"publish","type":"post","link":"https:\/\/dralvarez.com.mx\/larevista\/yucatan\/ayuda-humanitaria-de-la-sedesol-para-damnificados-por-los-sismos-17836","title":{"rendered":"Ayuda humanitaria de la Sedesol para damnificados por los sismos"},"content":{"rendered":"<\/p>\n<p>M\u00e9rida, Yucat\u00e1n, 26 de<br \/>\nseptiembre de 2017.- En solidaridad con los estados afectados por los recientes<br \/>\nsismos, personal de las diez direcciones de la Secretar\u00eda de Desarrollo Social<br \/>\n(Sedesol), integrantes de los Consejos Comunitarios y poblaci\u00f3n en general,<br \/>\nreunieron cerca de dos toneladas de ayuda humanitaria<\/p>\n<p>Los v\u00edveres fueron<br \/>\nentregados en el Centro de Acopio del Sistema para el Desarrollo Integral de la<br \/>\nFamilia (DIF) Yucat\u00e1n por el titular de la Sedesol, Mauricio Sahu\u00ed Rivero, as\u00ed<br \/>\ncomo por hombres y mujeres que prestan sus servicios en la dependencia.<\/p>\n<p>El funcionario estatal<br \/>\nreconoci\u00f3 la iniciativa de sus compa\u00f1eras y compa\u00f1eros por reunir comestibles y<br \/>\notros apoyos para donar a esta noble causa a la que, dijo, no se deben<br \/>\nescatimar esfuerzos.<\/p>\n<p>\u201cEn estos momentos de<br \/>\ndesgracia que viven nuestros hermanos de otros estados todos debemos ser<br \/>\nsolidarios y colaborar en equipo para generar m\u00e1s ayuda. Estamos seguros que<br \/>\nponiendo nuestro granito de arena podemos lograr hacer mucho\u201d, manifest\u00f3.<\/p>\n<p>Asimismo, destac\u00f3 la labor<br \/>\ndel DIF estatal encabezado por la presidenta del organismo asistencial, Sarita<br \/>\nBlancarte de Zapata y el director, Limber Sosa Lara, quienes han hecho un<br \/>\ntrabajo coordinado para canalizar la ayuda que generosamente han aportado los<br \/>\nyucatecos y yucatecas.<\/p>\n<p>&nbsp;\u201cEs una tarea<br \/>\ntit\u00e1nica, clasificar y empaquetar miles de productos que son &nbsp;recibidos en<br \/>\nel Centro de Acopio que en uni\u00f3n con la participaci\u00f3n solidaria de la<br \/>\nciudadan\u00eda. Nunca es tarde para apoyar\u201d, apunt\u00f3.<\/p>\n<p>Junto con su esposa,<br \/>\nYamile Segu\u00ed Isaac y sus tres hijos, Sahu\u00ed Rivero recorri\u00f3 las diferentes \u00e1reas<br \/>\ndel DIF Yucat\u00e1n  en donde trabajadores, as\u00ed como voluntarios se han sumado<br \/>\npara colaborar en la clasificaci\u00f3n y orden de los art\u00edculos donados por la<br \/>\nsociedad yucateca.<\/p>\n<p>El donativo entregado por<br \/>\nla Sedesol estatal se suma a las m\u00e1s de 192 toneladas de productos acopiados<br \/>\npara apoyar a familias de Oaxaca y Chiapas.<\/p><\/p>\n","protected":false},"excerpt":{"rendered":"<p>Se entregan al Centro de Acopio del DIF Yucat\u00e1n casi dos toneladas de v\u00edveres.<\/p>\n","protected":false},"author":1018,"featured_media":0,"comment_status":"open","ping_status":"open","sticky":false,"template":"","format":"standard","meta":{"tdm_status":"","tdm_grid_status":"","footnotes":""},"categories":[21],"tags":[],"_links":{"self":[{"href":"https:\/\/dralvarez.com.mx\/larevista\/wp-json\/wp\/v2\/posts\/58248"}],"collection":[{"href":"https:\/\/dralvarez.com.mx\/larevista\/wp-json\/wp\/v2\/posts"}],"about":[{"href":"https:\/\/dralvarez.com.mx\/larevista\/wp-json\/wp\/v2\/types\/post"}],"author":[{"embeddable":true,"href":"https:\/\/dralvarez.com.mx\/larevista\/wp-json\/wp\/v2\/users\/1018"}],"replies":[{"embeddable":true,"href":"https:\/\/dralvarez.com.mx\/larevista\/wp-json\/wp\/v2\/comments?post=58248"}],"version-history":[{"count":0,"href":"https:\/\/dralvarez.com.mx\/larevista\/wp-json\/wp\/v2\/posts\/58248\/revisions"}],"wp:attachment":[{"href":"https:\/\/dralvarez.com.mx\/larevista\/wp-json\/wp\/v2\/media?parent=58248"}],"wp:term":[{"taxonomy":"category","embeddable":true,"href":"https:\/\/dralvarez.com.mx\/larevista\/wp-json\/wp\/v2\/categories?post=58248"},{"taxonomy":"post_tag","embeddable":true,"href":"https:\/\/dralvarez.com.mx\/larevista\/wp-json\/wp\/v2\/tags?post=58248"}],"curies":[{"name":"wp","href":"https:\/\/api.w.org\/{rel}","templated":true}]}}