{"id":58247,"date":"2017-09-27T00:00:00","date_gmt":"2017-09-27T06:00:00","guid":{"rendered":"https:\/\/dralvarez.com.mx\/larevista\/blog\/contra-la-conjuntivitis-hay-que-extremar-higiene-17835"},"modified":"2017-09-27T00:00:00","modified_gmt":"2017-09-27T06:00:00","slug":"contra-la-conjuntivitis-hay-que-extremar-higiene-17835","status":"publish","type":"post","link":"https:\/\/dralvarez.com.mx\/larevista\/yucatan\/contra-la-conjuntivitis-hay-que-extremar-higiene-17835","title":{"rendered":"Contra la conjuntivitis hay que extremar higiene"},"content":{"rendered":"<\/p>\n<p>M\u00e9rida, Yucat\u00e1n; 26 de septiembre de 2017 (ACOM).- El lavado de manos y evitar los sitios conglomerados son las principales recomendaciones que se requieren para evitar propagar la conjuntivitis, afirmaron especialistas en salud.<\/p>\n<p>Edgar Hern\u00e1ndez Urbina, coordinador auxiliar de Epidemiolog\u00eda del IMSS en Yucat\u00e1n, se\u00f1al\u00f3 que es normal que entre primavera y oto\u00f1o haya un repunte en los casos de dicho padecimiento, por lo que pidi\u00f3 a la poblaci\u00f3n incrementar sus medidas de prevenci\u00f3n.<\/p>\n<div><\/div>\n<p>\u201cN\u00famero uno, el lavado de manos, tambi\u00e9n es importante no compartir lentes de contacto y tener cuidado con los tratamientos oft\u00e1lmicos. Tambi\u00e9n se puede utilizar toallas de desechables para mantener limpias las manos y sobre todo, evitar los conglomerados para evitar propagar la enfermedad\u201d, explic\u00f3.<\/p>\n<p>El especialista mencion\u00f3 que el periodo de tiempo para identificar la conjuntivitis es variado, aunque mencion\u00f3 que si una persona siente ardor, lagrimeo o sensaci\u00f3n de cuerpo extra\u00f1o en los ojos, puede acudir a un m\u00e9dico para descartar o confirmar un caso de conjuntivitis.<\/p>\n<p>Dijo que actualmente se ha visto un aumento en los casos de la enfermedad de tipo viral, algo que se ha manifestado en las consultas ante el IMSS.<\/p>\n<p>La Secretar\u00eda de Salud Federal, a trav\u00e9s del bolet\u00edn epidemiol\u00f3gico, reporta que en Yucat\u00e1n se han confirmado m\u00e1s de 18 mil casos de conjuntivitis hasta mediados de este mes, casi cuatro mil m\u00e1s que el mismo periodo pero del a\u00f1o pasado.<\/p>\n<p>Sobre el desabasto de medicamentos para combatir los s\u00edntomas de este mal, el secretario de salud de Yucat\u00e1n, Jorge Mendoza M\u00e9zquita, dijo no tener reportes del tema, aunque mencion\u00f3 que no es necesario utilizar medicina para atender este mal, ya que es viral.<\/p>\n<p>Mencion\u00f3 que en ocasiones se recetan ciertas soluciones para sobrellevar el ardor, las cuales est\u00e1n garantizadas en hospitales de la dependencia.<\/p>\n<p>El funcionario apunt\u00f3 que se incrementaron las medidas de seguridad en las escuelas, de modo que se fomente el lavado de manos entre los alumnos para evitar los contagios de conjuntivitis.<\/p><\/p>\n","protected":false},"excerpt":{"rendered":"<p>El lavado de manos y evitar los sitios conglomerados son las principales recomendaciones que se requieren para evitar propagar la conjuntivitis, afirm<\/p>\n","protected":false},"author":1018,"featured_media":0,"comment_status":"open","ping_status":"open","sticky":false,"template":"","format":"standard","meta":{"tdm_status":"","tdm_grid_status":"","footnotes":""},"categories":[21],"tags":[],"_links":{"self":[{"href":"https:\/\/dralvarez.com.mx\/larevista\/wp-json\/wp\/v2\/posts\/58247"}],"collection":[{"href":"https:\/\/dralvarez.com.mx\/larevista\/wp-json\/wp\/v2\/posts"}],"about":[{"href":"https:\/\/dralvarez.com.mx\/larevista\/wp-json\/wp\/v2\/types\/post"}],"author":[{"embeddable":true,"href":"https:\/\/dralvarez.com.mx\/larevista\/wp-json\/wp\/v2\/users\/1018"}],"replies":[{"embeddable":true,"href":"https:\/\/dralvarez.com.mx\/larevista\/wp-json\/wp\/v2\/comments?post=58247"}],"version-history":[{"count":0,"href":"https:\/\/dralvarez.com.mx\/larevista\/wp-json\/wp\/v2\/posts\/58247\/revisions"}],"wp:attachment":[{"href":"https:\/\/dralvarez.com.mx\/larevista\/wp-json\/wp\/v2\/media?parent=58247"}],"wp:term":[{"taxonomy":"category","embeddable":true,"href":"https:\/\/dralvarez.com.mx\/larevista\/wp-json\/wp\/v2\/categories?post=58247"},{"taxonomy":"post_tag","embeddable":true,"href":"https:\/\/dralvarez.com.mx\/larevista\/wp-json\/wp\/v2\/tags?post=58247"}],"curies":[{"name":"wp","href":"https:\/\/api.w.org\/{rel}","templated":true}]}}