{"id":58245,"date":"2017-09-27T00:00:00","date_gmt":"2017-09-27T06:00:00","guid":{"rendered":"https:\/\/dralvarez.com.mx\/larevista\/blog\/se-alian-masters-yucatan-y-la-universidad-anahuac-mayab-17832"},"modified":"2017-09-27T00:00:00","modified_gmt":"2017-09-27T06:00:00","slug":"se-alian-masters-yucatan-y-la-universidad-anahuac-mayab-17832","status":"publish","type":"post","link":"https:\/\/dralvarez.com.mx\/larevista\/yucatan\/se-alian-masters-yucatan-y-la-universidad-anahuac-mayab-17832","title":{"rendered":"Se al\u00edan Masters Yucat\u00e1n y la Universidad An\u00e1huac Mayab"},"content":{"rendered":"<\/p>\n<p>M\u00e9rida, Yucat\u00e1n, a 27 de septiembre de 2017. Con el objetivo de ser un agente promotor de la formaci\u00f3n profesional y humana, Masters Yucat\u00e1n estableci\u00f3 un acuerdo de colaboraci\u00f3n con la Universidad An\u00e1huac Mayab. A trav\u00e9s del mismo, la casa de estudios de nivel superior, le brindar\u00e1 a quienes se sumen al proyecto Masters, una beca en todos sus programas de posgrado, incluyendo diplomados, maestr\u00edas y doctorados.<\/p>\n<p>La sede de la firma de este pacto en favor de la educaci\u00f3n, fue justamente el plantel universitario de la An\u00e1huac Mayab, ante la presencia de la Directora de Posgrados y Educaci\u00f3n Continua, Mtra. Alejandra Mendoza Villalobos, as\u00ed como de la Mtra. Amanda D\u00edaz Aguilar, Coordinadora de Posgrado y Extensi\u00f3n Acad\u00e9mica de la Facultad de Derecho.<\/p>\n<p>Jordy Abraham Mart\u00ednez, en su car\u00e1cter de presidente de la asociaci\u00f3n civil, fue signatario del documento, junto con el Maestro Absal\u00f3n \u00c1lvarez Escalante, Director de la Facultad de Derecho de la An\u00e1huac Mayab, como representante de la instituci\u00f3n universitaria.<\/p>\n<p>El nuevo v\u00ednculo entre Masters Yucat\u00e1n y la Universidad del Mayab, forma parte del programa que ha venido impulsando esta asociaci\u00f3n civil, para continuar con su cometido de fomentar la formaci\u00f3n humana y el liderazgo.<\/p>\n<p>En el marco del evento, Abraham Mart\u00ednez expres\u00f3: \u201cMasters Yucat\u00e1n, pretende generar lazos de cooperaci\u00f3n con instituciones afines a nuestros principios y metas. En este sentido, la Universidad An\u00e1huac ha demostrado su compromiso por formar l\u00edderes que aporten a su comunidad\u201d.<\/p>\n<p>Masters Yucat\u00e1n, seguir\u00e1 llevando a cabos acciones concretas para unir liderazgos sociales, que trabajen en conjunto para alcanzar metas comunes. El conocimiento es una herramienta sumamente poderosa para crear un impacto positivo en el tejido social. Todos pueden sumarse al equipo de Masters Yucat\u00e1n y disfrutar de los beneficios que ofrece ser parte de esta agrupaci\u00f3n civil.<\/p><\/p>\n","protected":false},"excerpt":{"rendered":"<p>El nuevo v\u00ednculo entre Masters Yucat\u00e1n y la Universidad del Mayab, forma parte del programa que ha venido impulsando esta asociaci\u00f3n civil, para conti<\/p>\n","protected":false},"author":1018,"featured_media":0,"comment_status":"open","ping_status":"open","sticky":false,"template":"","format":"standard","meta":{"tdm_status":"","tdm_grid_status":"","footnotes":""},"categories":[21],"tags":[],"_links":{"self":[{"href":"https:\/\/dralvarez.com.mx\/larevista\/wp-json\/wp\/v2\/posts\/58245"}],"collection":[{"href":"https:\/\/dralvarez.com.mx\/larevista\/wp-json\/wp\/v2\/posts"}],"about":[{"href":"https:\/\/dralvarez.com.mx\/larevista\/wp-json\/wp\/v2\/types\/post"}],"author":[{"embeddable":true,"href":"https:\/\/dralvarez.com.mx\/larevista\/wp-json\/wp\/v2\/users\/1018"}],"replies":[{"embeddable":true,"href":"https:\/\/dralvarez.com.mx\/larevista\/wp-json\/wp\/v2\/comments?post=58245"}],"version-history":[{"count":0,"href":"https:\/\/dralvarez.com.mx\/larevista\/wp-json\/wp\/v2\/posts\/58245\/revisions"}],"wp:attachment":[{"href":"https:\/\/dralvarez.com.mx\/larevista\/wp-json\/wp\/v2\/media?parent=58245"}],"wp:term":[{"taxonomy":"category","embeddable":true,"href":"https:\/\/dralvarez.com.mx\/larevista\/wp-json\/wp\/v2\/categories?post=58245"},{"taxonomy":"post_tag","embeddable":true,"href":"https:\/\/dralvarez.com.mx\/larevista\/wp-json\/wp\/v2\/tags?post=58245"}],"curies":[{"name":"wp","href":"https:\/\/api.w.org\/{rel}","templated":true}]}}