{"id":58244,"date":"2017-09-27T00:00:00","date_gmt":"2017-09-27T06:00:00","guid":{"rendered":"https:\/\/dralvarez.com.mx\/larevista\/blog\/el-derecho-a-la-educacion-de-los-pueblos-mayas-de-yucatan-17831"},"modified":"2017-09-27T00:00:00","modified_gmt":"2017-09-27T06:00:00","slug":"el-derecho-a-la-educacion-de-los-pueblos-mayas-de-yucatan-17831","status":"publish","type":"post","link":"https:\/\/dralvarez.com.mx\/larevista\/yucatan\/el-derecho-a-la-educacion-de-los-pueblos-mayas-de-yucatan-17831","title":{"rendered":"El derecho a la educaci\u00f3n de los pueblos mayas de Yucat\u00e1n"},"content":{"rendered":"<\/p>\n<p>M\u00e9rida, Yucat\u00e1n, a 26 de septiembre de 2017. \u201cTodos los ni\u00f1os tienen derecho a la educaci\u00f3n y no podemos permitir que la distancia o las condiciones geogr\u00e1ficas lo impidan\u201d, dijo Liborio Vidal Aguilar en una reuni\u00f3n con los integrantes de la asociaci\u00f3n civil Esperanza Ind\u00edgena.<\/p>\n<p>La agrupaci\u00f3n est\u00e1 conformada por profesores activos y jubilados que est\u00e1n conscientes de la &nbsp;importancia de que los ni\u00f1os, pero sobre todo las ni\u00f1as, puedan tener acceso a la educaci\u00f3n porque es la forma en la que la sociedad crece y se desarrolla.<\/p>\n<p>Liborio Vidal ha recorrido los municipios de Yucat\u00e1n a lo largo de gran parte de su vida, esta experiencia le permite reconocer el trabajo que realizan los integrantes de Esperanza Ind\u00edgena y la importancia que tiene para la vida de las comunidades.<\/p>\n<p>\u201cYo reconozco el trabajo que ustedes realizan, porque nos conocemos desde hace muchos a\u00f1os, y s\u00e9 que son personas confiables, entregadas y dispuestas a hacer lo que sea necesario por cada hombre, mujer, ni\u00f1o o adulto mayor de la comunidad, y ese trabajo es invaluable\u201d, manifest\u00f3 Vidal Aguilar.<\/p>\n<p>El #AmigoLibo destac\u00f3 que los grupos locales son importantes porque son quienes generan los cambios en sus comunidades y en particular este lo es a\u00fan m\u00e1s por su formaci\u00f3n orientada hacia la educaci\u00f3n. &nbsp;<\/p>\n<p>Por su parte, el presidente de la asociaci\u00f3n, Wilberth Dzul Canul, dijo que los 60 comit\u00e9s que se encuentran en 60 municipios diferentes refrendan su compromiso de continuar realizando las gestiones necesarias para continuar con el trabajo que realiza el gobernador Rolando Zapata Bello, en busca de disminuir los m\u00e1rgenes de pobreza e incrementar las oportunidades.<\/p>\n<p>Entre los temas que abordaron se encuentra el desarrollo sustentable de las comunidades, la justicia y el derecho de los mayas de Yucat\u00e1n, la educaci\u00f3n de las ni\u00f1as como factor de cambio, as\u00ed como el respeto y la b\u00fasqueda de integraci\u00f3n de la cosmovisi\u00f3n maya a la vida moderna.<\/p><\/p>\n","protected":false},"excerpt":{"rendered":"<p>Se re\u00fane Liborio Vidal con integrantes de Esperanza Ind\u00edgena.<\/p>\n","protected":false},"author":1018,"featured_media":0,"comment_status":"open","ping_status":"open","sticky":false,"template":"","format":"standard","meta":{"tdm_status":"","tdm_grid_status":"","footnotes":""},"categories":[21],"tags":[],"_links":{"self":[{"href":"https:\/\/dralvarez.com.mx\/larevista\/wp-json\/wp\/v2\/posts\/58244"}],"collection":[{"href":"https:\/\/dralvarez.com.mx\/larevista\/wp-json\/wp\/v2\/posts"}],"about":[{"href":"https:\/\/dralvarez.com.mx\/larevista\/wp-json\/wp\/v2\/types\/post"}],"author":[{"embeddable":true,"href":"https:\/\/dralvarez.com.mx\/larevista\/wp-json\/wp\/v2\/users\/1018"}],"replies":[{"embeddable":true,"href":"https:\/\/dralvarez.com.mx\/larevista\/wp-json\/wp\/v2\/comments?post=58244"}],"version-history":[{"count":0,"href":"https:\/\/dralvarez.com.mx\/larevista\/wp-json\/wp\/v2\/posts\/58244\/revisions"}],"wp:attachment":[{"href":"https:\/\/dralvarez.com.mx\/larevista\/wp-json\/wp\/v2\/media?parent=58244"}],"wp:term":[{"taxonomy":"category","embeddable":true,"href":"https:\/\/dralvarez.com.mx\/larevista\/wp-json\/wp\/v2\/categories?post=58244"},{"taxonomy":"post_tag","embeddable":true,"href":"https:\/\/dralvarez.com.mx\/larevista\/wp-json\/wp\/v2\/tags?post=58244"}],"curies":[{"name":"wp","href":"https:\/\/api.w.org\/{rel}","templated":true}]}}