{"id":58239,"date":"2017-09-26T00:00:00","date_gmt":"2017-09-26T06:00:00","guid":{"rendered":"https:\/\/dralvarez.com.mx\/larevista\/blog\/unidos-hacemos-y-compartimos-mas-expresa-pablo-gamboa-en-vergel-17826"},"modified":"2017-09-26T00:00:00","modified_gmt":"2017-09-26T06:00:00","slug":"unidos-hacemos-y-compartimos-mas-expresa-pablo-gamboa-en-vergel-17826","status":"publish","type":"post","link":"https:\/\/dralvarez.com.mx\/larevista\/yucatan\/unidos-hacemos-y-compartimos-mas-expresa-pablo-gamboa-en-vergel-17826","title":{"rendered":"\u201cUnidos hacemos y compartimos m\u00e1s\u201d, expresa Pablo Gamboa en Vergel"},"content":{"rendered":"<\/p>\n<p>Una vez m\u00e1s,<br \/>\ncientos de familias del oriente de M\u00e9rida recibieron a Pablo Gamboa Miner en un<br \/>\nencuentro en el parque de Vergel 1, espacio en el que se\u00f1al\u00f3 que continuar\u00e1n<br \/>\nlas acciones para que m\u00e1s yucatecos encuentren alternativas para una mejor<br \/>\ncalidad de vida. <\/p>\n<p>Ante los<br \/>\nvecinos, el Legislador yucateco recalc\u00f3 que su objetivo es llevar los<br \/>\nresultados de sus gestiones a todos los puntos del Estado. <\/p>\n<p>Ni\u00f1os,<br \/>\nj\u00f3venes, abuelitos, jefas y jefes de familia,  se congregaron en la<br \/>\nreuni\u00f3n vecinal de la confianza; espacio en el que adem\u00e1s de intercambiar ideas<br \/>\ncon sus representantes ciudadanos, accedieron a consultas m\u00e9dicas y lentes<br \/>\ngraduados gratuitos.<\/p>\n<p>En este<br \/>\nnuevo encuentro, Gamboa Miner  recalc\u00f3 que las sugerencias, solicitudes e<br \/>\ninquietudes que los ciudadanos le expresan, permiten que los programas que<br \/>\nimplementa atiendan las prioridades de cada sector. <\/p>\n<p>Acompa\u00f1ado<br \/>\ndel diputado federal Francisco Torres Rivas; recalc\u00f3 que \u201cunidos hacemos y<br \/>\ncompartimos m\u00e1s, por eso seguiremos en este trabajo compartido, cercanos a<br \/>\ntodos ustedes los vecinos\u201d.<\/p><\/p>\n","protected":false},"excerpt":{"rendered":"<p>Tambi\u00e9n en el oriente de M\u00e9rida respaldan labor de Pablo Gamboa Miner.<\/p>\n","protected":false},"author":1018,"featured_media":0,"comment_status":"open","ping_status":"open","sticky":false,"template":"","format":"standard","meta":{"tdm_status":"","tdm_grid_status":"","footnotes":""},"categories":[21],"tags":[],"_links":{"self":[{"href":"https:\/\/dralvarez.com.mx\/larevista\/wp-json\/wp\/v2\/posts\/58239"}],"collection":[{"href":"https:\/\/dralvarez.com.mx\/larevista\/wp-json\/wp\/v2\/posts"}],"about":[{"href":"https:\/\/dralvarez.com.mx\/larevista\/wp-json\/wp\/v2\/types\/post"}],"author":[{"embeddable":true,"href":"https:\/\/dralvarez.com.mx\/larevista\/wp-json\/wp\/v2\/users\/1018"}],"replies":[{"embeddable":true,"href":"https:\/\/dralvarez.com.mx\/larevista\/wp-json\/wp\/v2\/comments?post=58239"}],"version-history":[{"count":0,"href":"https:\/\/dralvarez.com.mx\/larevista\/wp-json\/wp\/v2\/posts\/58239\/revisions"}],"wp:attachment":[{"href":"https:\/\/dralvarez.com.mx\/larevista\/wp-json\/wp\/v2\/media?parent=58239"}],"wp:term":[{"taxonomy":"category","embeddable":true,"href":"https:\/\/dralvarez.com.mx\/larevista\/wp-json\/wp\/v2\/categories?post=58239"},{"taxonomy":"post_tag","embeddable":true,"href":"https:\/\/dralvarez.com.mx\/larevista\/wp-json\/wp\/v2\/tags?post=58239"}],"curies":[{"name":"wp","href":"https:\/\/api.w.org\/{rel}","templated":true}]}}