{"id":58238,"date":"2017-09-26T00:00:00","date_gmt":"2017-09-26T06:00:00","guid":{"rendered":"https:\/\/dralvarez.com.mx\/larevista\/blog\/hogar-de-angeles-se-sumara-a-la-jornada-abrazos-de-corazon-17825"},"modified":"2017-09-26T00:00:00","modified_gmt":"2017-09-26T06:00:00","slug":"hogar-de-angeles-se-sumara-a-la-jornada-abrazos-de-corazon-17825","status":"publish","type":"post","link":"https:\/\/dralvarez.com.mx\/larevista\/yucatan\/hogar-de-angeles-se-sumara-a-la-jornada-abrazos-de-corazon-17825","title":{"rendered":"Hogar de \u00c1ngeles se sumar\u00e1 a la jornada \u201cAbrazos de coraz\u00f3n\u201d"},"content":{"rendered":"<\/p>\n<p><b>M\u00e9rida,<br \/>\nYucat\u00e1n, 26 de septiembre de 2017.-<\/b>&nbsp;Para sensibilizar a la sociedad sobre la enfermedad del<br \/>\nc\u00e1ncer en los ni\u00f1os, la Asociaci\u00f3n Hogar de \u00c1ngeles se sumar\u00e1 a la jornada<br \/>\n\u201cAbrazos de Coraz\u00f3n\u201d, que se realizar\u00e1 en M\u00e9rida el pr\u00f3ximo 15 de octubre, de<br \/>\nmanera simult\u00e1nea junto con otras 15 ciudades del pa\u00eds.<\/p>\n<p>En conferencia de prensa, el<br \/>\npresidente de la asociaci\u00f3n Abrazos de Coraz\u00f3n, Jos\u00e9 Underwood y la<br \/>\nrepresentante del Hogar de \u00c1ngeles, Mar\u00eda Cristina Rosado, resaltaron la<br \/>\nimportancia que tiene que la sociedad conozca la lucha que estos organismos<br \/>\nciviles hacen en pro de los ni\u00f1os con c\u00e1ncer.<\/p>\n<p>Sobre la jornada, \u201cUn Abrazo de<br \/>\nCoraz\u00f3n\u201d, Jos\u00e9 Underwood explic\u00f3 que el objetivo de este evento es darle<br \/>\naliento y \u00e1nimo a estos ni\u00f1os que sufren esta enfermedad y que no se sientan solos,<br \/>\ny sientan el cari\u00f1o de las personas que de una u otra manera ayudan en la labor<br \/>\naltruista para mitigar el dolor que les causa esa enfermedad.<\/p>\n<p>En M\u00e9rida, detall\u00f3, ser\u00e1n<br \/>\ncuatro los puntos donde los ni\u00f1os con c\u00e1ncer y sus familiares recibir\u00e1n los<br \/>\nabrazos en M\u00e9rida el pr\u00f3ximo 15 de octubre: Los tres restaurantes Boston\u00b4s y<br \/>\nActix Park, lugares donde tambi\u00e9n se ofrecer\u00e1 informaci\u00f3n sobre las dos<br \/>\nasociaciones y acerca de este padecimiento, en horario de 5 de la tarde a 9 de<br \/>\nla noche.<\/p>\n<p>Underwood se\u00f1al\u00f3 que el<br \/>\nmovimiento naci\u00f3 en el a\u00f1o 2014, tras la muerte de su hijo Jos\u00e9 Enrique, quien<br \/>\nantes de fallecer le pidi\u00f3 que hiciera algo por los ni\u00f1os que tienen esta<br \/>\nenfermedad, pues es una lucha en la que no saben si la van a vencer.<\/p>\n<p>Por su parte, la presidenta de<br \/>\nHogar de \u00c1ngeles, Mar\u00eda Cristina Rosado, resalt\u00f3 las acciones que esta sociedad<br \/>\ncivil lleva a cabo para darle a esos ni\u00f1os una estancia digna en la ciudad<br \/>\ncuando vienen a sus tratamientos, pues en la mayor\u00eda de los casos son de<br \/>\nfamilias de escasos recursos que no tienen ni para los pasajes del transporte<br \/>\nde su lugar de origen al hospital donde los atienden.<\/p>\n<p>Destac\u00f3 que el c\u00e1ncer es la<br \/>\nprincipal causa de muertes en ni\u00f1os, y que se ha incrementado el n\u00famero de<br \/>\ncasos en la entidad y otros estados, lo cual puede comprobarse con la elevada<br \/>\ndemanda de servicios que tienen las \u00e1reas oncol\u00f3gicas de los hospitales.<\/p>\n<p>Por ello, en Hogar de \u00c1ngeles<br \/>\nse brinda atenci\u00f3n a ni\u00f1os y sus familias del interior del estado, as\u00ed como de<br \/>\notras entidades y de Belice, quienes llegan a esta ciudad para recibir atenci\u00f3n<br \/>\nespecializada.<\/p><\/p>\n","protected":false},"excerpt":{"rendered":"<p>Se realizar\u00e1 el pr\u00f3ximo 15 de octubre de 5 de la tarde a 9 de la noche.<br \/>\nEn M\u00e9rida ser\u00e1 en cuatro sedes, los tres restaurantes Boston\u00b4s y Actix Park.<\/p>\n","protected":false},"author":1018,"featured_media":0,"comment_status":"open","ping_status":"open","sticky":false,"template":"","format":"standard","meta":{"tdm_status":"","tdm_grid_status":"","footnotes":""},"categories":[21],"tags":[],"_links":{"self":[{"href":"https:\/\/dralvarez.com.mx\/larevista\/wp-json\/wp\/v2\/posts\/58238"}],"collection":[{"href":"https:\/\/dralvarez.com.mx\/larevista\/wp-json\/wp\/v2\/posts"}],"about":[{"href":"https:\/\/dralvarez.com.mx\/larevista\/wp-json\/wp\/v2\/types\/post"}],"author":[{"embeddable":true,"href":"https:\/\/dralvarez.com.mx\/larevista\/wp-json\/wp\/v2\/users\/1018"}],"replies":[{"embeddable":true,"href":"https:\/\/dralvarez.com.mx\/larevista\/wp-json\/wp\/v2\/comments?post=58238"}],"version-history":[{"count":0,"href":"https:\/\/dralvarez.com.mx\/larevista\/wp-json\/wp\/v2\/posts\/58238\/revisions"}],"wp:attachment":[{"href":"https:\/\/dralvarez.com.mx\/larevista\/wp-json\/wp\/v2\/media?parent=58238"}],"wp:term":[{"taxonomy":"category","embeddable":true,"href":"https:\/\/dralvarez.com.mx\/larevista\/wp-json\/wp\/v2\/categories?post=58238"},{"taxonomy":"post_tag","embeddable":true,"href":"https:\/\/dralvarez.com.mx\/larevista\/wp-json\/wp\/v2\/tags?post=58238"}],"curies":[{"name":"wp","href":"https:\/\/api.w.org\/{rel}","templated":true}]}}