{"id":58226,"date":"2017-09-26T00:00:00","date_gmt":"2017-09-26T06:00:00","guid":{"rendered":"https:\/\/dralvarez.com.mx\/larevista\/blog\/de-uno-a-15-trabajadores-ausentes-por-empresa-debido-a-la-conjuntivitis-17812"},"modified":"2017-09-26T00:00:00","modified_gmt":"2017-09-26T06:00:00","slug":"de-uno-a-15-trabajadores-ausentes-por-empresa-debido-a-la-conjuntivitis-17812","status":"publish","type":"post","link":"https:\/\/dralvarez.com.mx\/larevista\/yucatan\/de-uno-a-15-trabajadores-ausentes-por-empresa-debido-a-la-conjuntivitis-17812","title":{"rendered":"De uno a 15 trabajadores, ausentes por empresa debido a la conjuntivitis"},"content":{"rendered":"<\/p>\n<p>M\u00e9rida, Yucat\u00e1n; 26 de septiembre de 2017 (ACOM).- La conjuntivitis ha generado un aumento en las ausencias de trabajadores por incapacidad en Yucat\u00e1n, aunque hasta ahora no ha habido afectaciones a la actividad econ\u00f3mica del estado.<\/p>\n<p>Juan Jos\u00e9 Abraham Daguer, presidente de la C\u00e1mara Nacional de Comercio (Canaco) de M\u00e9rida, acept\u00f3 que el padecimiento ha generado un aumento en la ausencia de trabajadores en diversos giros, debido al gran riesgo de contagio que representa.<\/p>\n<div><\/div>\n<p>\u201cCon respecto al a\u00f1o anterior, si hay n\u00fameros m\u00e1s altos, aunque no llegamos a niveles extremos, pues las empresas siguen operando. La incidencia si es m\u00e1s alta que otras veces\u201d, extern\u00f3.<\/p>\n<p>Aunque dijo que el porcentaje de ausentismo var\u00eda dependiendo de la empresa, refiri\u00f3 que la mayor\u00eda de los centros de trabajo presentan entre uno y hasta 15 trabajadores ausentes por conjuntivitis.<\/p>\n<p>De hecho, hace unos d\u00edas, la delegaci\u00f3n de la Secretar\u00eda del Trabajo inform\u00f3 que se registraron hasta 6 mil incapacidades de trabajadores afectados por conjuntivitis, por lo que se pidi\u00f3 extremar medidas de higiene en los centros de labores.<\/p>\n<p>En ese tenor, el l\u00edder empresarial reiter\u00f3 que hasta ahora no ha habido una disminuci\u00f3n en el ritmo de trabajo por lo que la econom\u00eda del estado se mantiene intacta.<\/p>\n<p>Sin embargo, reconoci\u00f3 que en un caso extremo de falta de atenci\u00f3n y cuidado, la conjuntivitis pudiera ser un riesgo para Yucat\u00e1n, algo que hasta ahora no ha sucedido.<\/p>\n<p>Por ello, pidi\u00f3 a los trabajadores evitar acudir a sus centros de labores si sospechan de padecer conjuntivitis, pues se\u00f1al\u00f3 que no habr\u00e1 afectaciones para estos si llegasen a faltar.<\/p><\/p>\n","protected":false},"excerpt":{"rendered":"<p>La conjuntivitis ha generado un aumento en las ausencias de trabajadores por incapacidad en Yucat\u00e1n, aunque hasta ahora no ha habido afectaciones a la<\/p>\n","protected":false},"author":1018,"featured_media":0,"comment_status":"open","ping_status":"open","sticky":false,"template":"","format":"standard","meta":{"tdm_status":"","tdm_grid_status":"","footnotes":""},"categories":[21],"tags":[],"_links":{"self":[{"href":"https:\/\/dralvarez.com.mx\/larevista\/wp-json\/wp\/v2\/posts\/58226"}],"collection":[{"href":"https:\/\/dralvarez.com.mx\/larevista\/wp-json\/wp\/v2\/posts"}],"about":[{"href":"https:\/\/dralvarez.com.mx\/larevista\/wp-json\/wp\/v2\/types\/post"}],"author":[{"embeddable":true,"href":"https:\/\/dralvarez.com.mx\/larevista\/wp-json\/wp\/v2\/users\/1018"}],"replies":[{"embeddable":true,"href":"https:\/\/dralvarez.com.mx\/larevista\/wp-json\/wp\/v2\/comments?post=58226"}],"version-history":[{"count":0,"href":"https:\/\/dralvarez.com.mx\/larevista\/wp-json\/wp\/v2\/posts\/58226\/revisions"}],"wp:attachment":[{"href":"https:\/\/dralvarez.com.mx\/larevista\/wp-json\/wp\/v2\/media?parent=58226"}],"wp:term":[{"taxonomy":"category","embeddable":true,"href":"https:\/\/dralvarez.com.mx\/larevista\/wp-json\/wp\/v2\/categories?post=58226"},{"taxonomy":"post_tag","embeddable":true,"href":"https:\/\/dralvarez.com.mx\/larevista\/wp-json\/wp\/v2\/tags?post=58226"}],"curies":[{"name":"wp","href":"https:\/\/api.w.org\/{rel}","templated":true}]}}