{"id":58213,"date":"2017-09-26T00:00:00","date_gmt":"2017-09-26T06:00:00","guid":{"rendered":"https:\/\/dralvarez.com.mx\/larevista\/blog\/inaugurados-seis-lactarios-del-isstey-17799"},"modified":"2017-09-26T00:00:00","modified_gmt":"2017-09-26T06:00:00","slug":"inaugurados-seis-lactarios-del-isstey-17799","status":"publish","type":"post","link":"https:\/\/dralvarez.com.mx\/larevista\/yucatan\/inaugurados-seis-lactarios-del-isstey-17799","title":{"rendered":"Inaugurados, seis lactarios del Isstey"},"content":{"rendered":"<\/p>\n<p>Progreso, Yucat\u00e1n, 25 de septiembre de 2017.- Diana, Eylin y Griseli, tres j\u00f3venes madres que se encuentran en periodo de lactancia, desde este d\u00eda tienen en el Centro Vacacional Costa Club un espacio para amamantar a sus hijos, as\u00ed como para extraer y almacenar la leche materna para llevarla a su hogar al final de su jornada laboral.<\/p>\n<p>La apertura de este lugar, dentro del complejo a cargo del Instituto de Seguridad Social de los Trabajadores del Estado de Yucat\u00e1n (Isstey), estuvo encabezada por la Presidenta y director General del Sistema Integral para el Desarrollo de la Familia (DIF) estatal, Sarita Blancarte de Zapata y Limber Sosa Lara, respectivamente.<\/p>\n<p>En el acto, ante la titular del Isstey, Gabriela C\u00e1ceres Vergara, Sosa Lara manifest\u00f3 que en el organismo asistencial se toma en cuenta que dicha pr\u00e1ctica no es s\u00f3lo responsabilidad de la progenitora, sino tambi\u00e9n de la sociedad y del Estado.<\/p>\n<p>\u201cSe cumple un derecho de las mujeres trabajadoras, pero m\u00e1s all\u00e1 de lo legal estamos asegurando a nuestras ni\u00f1as y nuestros ni\u00f1os el derecho a la alimentaci\u00f3n. No existe mejor alimentaci\u00f3n en los primeros seis meses de vida que la leche materna\u201d, asever\u00f3.<\/p>\n<p>Indic\u00f3 que ninguna f\u00f3rmula comercial supera \u00e9sta y que durante la lactancia la relaci\u00f3n entre madre e hijo desarrolla el v\u00ednculo psico-afectivo, razones extra para fomentar esta actividad.<\/p>\n<p>A su vez, C\u00e1ceres Vergara destac\u00f3 la inauguraci\u00f3n de dos lactarios este d\u00eda, uno en el Centro de Desarrollo Infantil (Cendi) 5 de Valladolid y \u00e9ste. Agreg\u00f3 que acorde al impulso del Gobernador Rolando Zapata Bello por la apertura de estos espacios, el Isstey ha puesto en marcha salas de este tipo tambi\u00e9n en los Cendi 1, 2, 3 y 6, ubicados en M\u00e9rida.<\/p>\n<p>\u201cEsto mejorar\u00e1 la calidad de vida de los ni\u00f1os y ni\u00f1as, al tiempo que aumentar\u00e1 el contacto tan esencial que deben tener las madres con sus hijos\u201d, precis\u00f3, tras decir que con estos espacios se auxiliar\u00e1 a los hijos e hijas de las trabajadoras, derechohabientes e invitados en general.<\/p>\n<p>Enfatiz\u00f3 que todos sabemos los beneficios de la lactancia materna, ya que adem\u00e1s de ser un acto de amor contribuye con mayor efectividad al desarrollo f\u00edsico y mental del beb\u00e9, proporcion\u00e1ndole nutrientes en calidad y cantidad.<\/p>\n<p>\u201cLa comunidad, las empresas y el Estado deben intervenir en la promoci\u00f3n y protecci\u00f3n de estos sitios, por lo que reitero que en el Isstey tenemos bien presentes nuestras responsabilidades, adem\u00e1s de que protegemos los derechos de nuestros derechohabientes y trabajamos d\u00eda a d\u00eda pensando en c\u00f3mo podemos apoyarlos y otorgarles mayores prestaciones\u201d, finaliz\u00f3.<\/p>\n<p>Participaron en la ceremonia por parte de la Polic\u00eda Federal la suboficial Glendi Rosana Pech Canul; mientras que por la dependencia, los titulares de los Organismos Auxiliares de Extensi\u00f3n Educativa y Servicios de la Primera Infancia, Mar\u00eda Jos\u00e9 Segovia Lugo, y de Prestaciones Recreativas y Hospedaje, Edgardo Baeza Castillo.<\/p>\n<p>Tambi\u00e9n, la jefa Departamento de Educaci\u00f3n, Karen Dewy Ricalde Zald\u00edvar y la supervisora del \u00c1rea M\u00e9dica, Alicia Y\u00e1\u00f1ez G. Cant\u00f3n.<\/p><\/p>\n","protected":false},"excerpt":{"rendered":"<p>La Presidenta del DIF Yucat\u00e1n apertura el espacio del Hotel Costa Club.<\/p>\n","protected":false},"author":1018,"featured_media":0,"comment_status":"open","ping_status":"open","sticky":false,"template":"","format":"standard","meta":{"tdm_status":"","tdm_grid_status":"","footnotes":""},"categories":[21],"tags":[],"_links":{"self":[{"href":"https:\/\/dralvarez.com.mx\/larevista\/wp-json\/wp\/v2\/posts\/58213"}],"collection":[{"href":"https:\/\/dralvarez.com.mx\/larevista\/wp-json\/wp\/v2\/posts"}],"about":[{"href":"https:\/\/dralvarez.com.mx\/larevista\/wp-json\/wp\/v2\/types\/post"}],"author":[{"embeddable":true,"href":"https:\/\/dralvarez.com.mx\/larevista\/wp-json\/wp\/v2\/users\/1018"}],"replies":[{"embeddable":true,"href":"https:\/\/dralvarez.com.mx\/larevista\/wp-json\/wp\/v2\/comments?post=58213"}],"version-history":[{"count":0,"href":"https:\/\/dralvarez.com.mx\/larevista\/wp-json\/wp\/v2\/posts\/58213\/revisions"}],"wp:attachment":[{"href":"https:\/\/dralvarez.com.mx\/larevista\/wp-json\/wp\/v2\/media?parent=58213"}],"wp:term":[{"taxonomy":"category","embeddable":true,"href":"https:\/\/dralvarez.com.mx\/larevista\/wp-json\/wp\/v2\/categories?post=58213"},{"taxonomy":"post_tag","embeddable":true,"href":"https:\/\/dralvarez.com.mx\/larevista\/wp-json\/wp\/v2\/tags?post=58213"}],"curies":[{"name":"wp","href":"https:\/\/api.w.org\/{rel}","templated":true}]}}