{"id":58202,"date":"2017-09-26T00:00:00","date_gmt":"2017-09-26T06:00:00","guid":{"rendered":"https:\/\/dralvarez.com.mx\/larevista\/blog\/imagina-y-haz-en-fca-liborio-vidal-17788"},"modified":"2017-09-26T00:00:00","modified_gmt":"2017-09-26T06:00:00","slug":"imagina-y-haz-en-fca-liborio-vidal-17788","status":"publish","type":"post","link":"https:\/\/dralvarez.com.mx\/larevista\/yucatan\/imagina-y-haz-en-fca-liborio-vidal-17788","title":{"rendered":"\u201cImagina y haz\u201d en FCA: Liborio Vidal"},"content":{"rendered":"<\/p>\n<p>\u201cImagina y haz\u201d es la conferencia que el empresario Liborio Vidal Aguilar imparti\u00f3 en la Facultad de Contadur\u00eda y Administraci\u00f3n (FCA) de la Universidad Aut\u00f3noma de Yucat\u00e1n (UADY) ante m\u00e1s de 250 j\u00f3venes en el marco de la Semana de Emprendedores que organiza la Sociedad de Alumnos.<\/p>\n<p>El empresario yucateco comparti\u00f3 su experiencia en los negocios internacionales, con empresas de China y Corea del Sur, con marcas de reconocido prestigio internacional, y habl\u00f3 de c\u00f3mo una crisis lo llev\u00f3 a crear su propia marca: Zmartech.<\/p>\n<p>Durante alrededor de 40 minutos narr\u00f3 su origen en Valladolid, en un rinc\u00f3n de la tienda de abarrotes de su padre, de c\u00f3mo encontr\u00f3 nichos de oportunidad en municipios de Yucat\u00e1n, y algunos de Quintana Roo, hasta llegar a M\u00e9rida, donde fund\u00f3 Grupo Bomssa.<\/p>\n<p>\u201cEstamos obligados a buscar que todos los j\u00f3venes tengan oportunidades, estamos obligados que ustedes tengan las mejores oportunidades, por eso deben prepararse, estudiar, so\u00f1ar y emprender acci\u00f3n, para que esos sue\u00f1os se hagan realidad. \u2018Imagina y haz\u2019\u201d, expres\u00f3.<\/p>\n<p>Despu\u00e9s de la conferencia Liborio Vidal abri\u00f3 una sesi\u00f3n de preguntas y respuestas, que se prolong\u00f3 por 40 minutos m\u00e1s ante el inter\u00e9s de los j\u00f3venes por conocer sobre el empresario, pero tambi\u00e9n sobre el pol\u00edtico.<\/p>\n<p>Un estudiante le pregunt\u00f3 \u00bfcu\u00e1l es el mayor obst\u00e1culo que ha tenido que superar?, y la respuesta fue: \u201cel miedo\u201d, explic\u00f3 que en los momentos de crisis se siente miedo, pero tambi\u00e9n se siente al dar los pasos necesarios para iniciar o mantener un negocio.<\/p>\n<p>\u201cYo les invito a que no tengan miedo, si quieren iniciar algo y no tienen dinero, no tengan miedo, busquen un socio, y si a\u00fan no es posible, busquen financiamiento, no le tengan miedo al cr\u00e9dito, y as\u00ed podemos encontrar muchos obst\u00e1culos que nos generan temor y eso nos frena e impide avanzar, y no, gr\u00e1bense en la mente: hay que vencer el miedo\u201d, se\u00f1al\u00f3.<\/p>\n<p>El di\u00e1logo fue agradable, ameno y fruct\u00edfero, los j\u00f3venes hicieron preguntas relacionadas con la experiencia de Vidal Aguilar como empresario y tambi\u00e9n como pol\u00edtico. El #AmigoLibo agradeci\u00f3 a la Sociedad de Alumnos y al director Aureliano Mart\u00ednez Castillo por abrir espacios que le permiten conocer las inquietudes e ideas de la juventud.<\/p><\/p>\n","protected":false},"excerpt":{"rendered":"<p>Empresario yucateco imparte conferencia en la Facultad de Contadur\u00eda y Administraci\u00f3n.<\/p>\n","protected":false},"author":1018,"featured_media":0,"comment_status":"open","ping_status":"open","sticky":false,"template":"","format":"standard","meta":{"tdm_status":"","tdm_grid_status":"","footnotes":""},"categories":[21],"tags":[],"_links":{"self":[{"href":"https:\/\/dralvarez.com.mx\/larevista\/wp-json\/wp\/v2\/posts\/58202"}],"collection":[{"href":"https:\/\/dralvarez.com.mx\/larevista\/wp-json\/wp\/v2\/posts"}],"about":[{"href":"https:\/\/dralvarez.com.mx\/larevista\/wp-json\/wp\/v2\/types\/post"}],"author":[{"embeddable":true,"href":"https:\/\/dralvarez.com.mx\/larevista\/wp-json\/wp\/v2\/users\/1018"}],"replies":[{"embeddable":true,"href":"https:\/\/dralvarez.com.mx\/larevista\/wp-json\/wp\/v2\/comments?post=58202"}],"version-history":[{"count":0,"href":"https:\/\/dralvarez.com.mx\/larevista\/wp-json\/wp\/v2\/posts\/58202\/revisions"}],"wp:attachment":[{"href":"https:\/\/dralvarez.com.mx\/larevista\/wp-json\/wp\/v2\/media?parent=58202"}],"wp:term":[{"taxonomy":"category","embeddable":true,"href":"https:\/\/dralvarez.com.mx\/larevista\/wp-json\/wp\/v2\/categories?post=58202"},{"taxonomy":"post_tag","embeddable":true,"href":"https:\/\/dralvarez.com.mx\/larevista\/wp-json\/wp\/v2\/tags?post=58202"}],"curies":[{"name":"wp","href":"https:\/\/api.w.org\/{rel}","templated":true}]}}