{"id":58188,"date":"2017-09-25T00:00:00","date_gmt":"2017-09-25T06:00:00","guid":{"rendered":"https:\/\/dralvarez.com.mx\/larevista\/blog\/realizan-en-valladolid-la-iv-sesion-del-sistema-estatal-de-empleo-17773"},"modified":"2017-09-25T00:00:00","modified_gmt":"2017-09-25T06:00:00","slug":"realizan-en-valladolid-la-iv-sesion-del-sistema-estatal-de-empleo-17773","status":"publish","type":"post","link":"https:\/\/dralvarez.com.mx\/larevista\/yucatan\/realizan-en-valladolid-la-iv-sesion-del-sistema-estatal-de-empleo-17773","title":{"rendered":"Realizan en Valladolid la IV Sesi\u00f3n del  Sistema Estatal de Empleo"},"content":{"rendered":"<p>Valladolid, Yucat\u00e1n, 25 de septiembre de 2017.- Con la participaci\u00f3n de las bolsas de trabajo de c\u00e1maras empresariales, instituciones educativas y empresas privadas, este d\u00eda se efectu\u00f3 la cuarta reuni\u00f3n del Sistema Estatal de Empleo 2017 en esta localidad.<\/p>\n<p>Al dar la bienvenida a los asistentes, el titular de la Secretar\u00eda del Trabajo y Previsi\u00f3n Social (STPS), Enrique Castillo Ruz, hizo un reconocimiento por el compromiso de las \u00e1reas de recursos humanos de las empresas invitadas, integradas a esta estrategia a cargo de la Unidad Regional del Servicio Nacional del Empleo, Yucat\u00e1n (SNEY) en esta localidad.<\/p>\n<p>Durante el evento realizado en la sala de juntas del Colegio Nacional de Educaci\u00f3n Profesional y T\u00e9cnica (Conalep) plantel Valladolid, el funcionario estatal hizo notar la oportunidad que este tipo de eventos brinda, logrando fortalecer la coordinaci\u00f3n entre diferentes sectores de la sociedad, como el empresarial, acad\u00e9mico y gubernamental, lo que hace que se pueden obtener mas y  mejores resultados en este rubro.<br \/>Castillo Ruz, se\u00f1al\u00f3 que gracias a esa excelente coordinaci\u00f3n entre los sectores antes mencionados, la entidad se encuentra entre los estados con menor desempleo con el 1.9 % de acuerdo a datos del INEGI.<br \/>Dijo tambi\u00e9n que en la presente administraci\u00f3n ya se han creado m\u00e1s de 62 mil nuevos empleos<\/p>\n<p>La jornada sirvi\u00f3 como marco para que el director de las licenciaturas de administraci\u00f3n y contadur\u00eda de la Universidad de Valladolid,Luis Mart\u00edn Dzib, presentara el tema \u201cAdministraci\u00f3n de N\u00f3minas\u201d. Posteriormente, se llev\u00f3 a cabo el intercambio de vacantes entre los agentes, as\u00ed como la promoci\u00f3n de mano de obra entre los mismos.<br \/>La clausura del evento estuvo a cargo de Santiago Aguilar Avil\u00e9s en representaci\u00f3n de la alcaldesa anfitriona, Alpha Tavera Escalante<\/p>\n<p>Acudieron el presidente de la Junta Local de Conciliaci\u00f3n y Arbitraje, Jos\u00e9 Fern\u00e1ndez Pino, y por parte de la directora del plantel Conalep, Yara Baeza Medina, estuvo Mart\u00edn Cabrera.<br \/>Tambi\u00e9n los titulares del \u00c1rea de Vinculaci\u00f3n del SNEY, F\u00e9lix Alpuche Esquivel, y de la Unidad Regional Valladolid, Teresita Dom\u00ednguez Mendoza, as\u00ed como el coordinador de la STPS, \u00c1lvaro L\u00f3pez Soberanis.<\/p>\n","protected":false},"excerpt":{"rendered":"<p>Destacan la creaci\u00f3n de m\u00e1s de 62 nuevos empleos en la entidad.<\/p>\n","protected":false},"author":1018,"featured_media":0,"comment_status":"open","ping_status":"open","sticky":false,"template":"","format":"standard","meta":{"tdm_status":"","tdm_grid_status":"","footnotes":""},"categories":[21],"tags":[],"_links":{"self":[{"href":"https:\/\/dralvarez.com.mx\/larevista\/wp-json\/wp\/v2\/posts\/58188"}],"collection":[{"href":"https:\/\/dralvarez.com.mx\/larevista\/wp-json\/wp\/v2\/posts"}],"about":[{"href":"https:\/\/dralvarez.com.mx\/larevista\/wp-json\/wp\/v2\/types\/post"}],"author":[{"embeddable":true,"href":"https:\/\/dralvarez.com.mx\/larevista\/wp-json\/wp\/v2\/users\/1018"}],"replies":[{"embeddable":true,"href":"https:\/\/dralvarez.com.mx\/larevista\/wp-json\/wp\/v2\/comments?post=58188"}],"version-history":[{"count":0,"href":"https:\/\/dralvarez.com.mx\/larevista\/wp-json\/wp\/v2\/posts\/58188\/revisions"}],"wp:attachment":[{"href":"https:\/\/dralvarez.com.mx\/larevista\/wp-json\/wp\/v2\/media?parent=58188"}],"wp:term":[{"taxonomy":"category","embeddable":true,"href":"https:\/\/dralvarez.com.mx\/larevista\/wp-json\/wp\/v2\/categories?post=58188"},{"taxonomy":"post_tag","embeddable":true,"href":"https:\/\/dralvarez.com.mx\/larevista\/wp-json\/wp\/v2\/tags?post=58188"}],"curies":[{"name":"wp","href":"https:\/\/api.w.org\/{rel}","templated":true}]}}