{"id":58187,"date":"2017-09-25T00:00:00","date_gmt":"2017-09-25T06:00:00","guid":{"rendered":"https:\/\/dralvarez.com.mx\/larevista\/blog\/capacitara-la-codhey-a-1200-trabajadores-del-hospital-regional-de-alta-especialidad-17772"},"modified":"2017-09-25T00:00:00","modified_gmt":"2017-09-25T06:00:00","slug":"capacitara-la-codhey-a-1200-trabajadores-del-hospital-regional-de-alta-especialidad-17772","status":"publish","type":"post","link":"https:\/\/dralvarez.com.mx\/larevista\/yucatan\/capacitara-la-codhey-a-1200-trabajadores-del-hospital-regional-de-alta-especialidad-17772","title":{"rendered":"Capacitar\u00e1 la CODHEY a 1,200 trabajadores del Hospital Regional de Alta Especialidad"},"content":{"rendered":"<p>M\u00e9rida, Yuc., a 25 de septiembre de 2017.- La Comisi\u00f3n de Derechos Humanos del Estado de Yucat\u00e1n capacitar\u00e1 a los 1,200 trabajadores entre personal m\u00e9dico, de enfermer\u00eda y administrativos del Hospital Regional de Alta Especialidad de la Pen\u00ednsula de Yucat\u00e1n a fin de brindar un servicio de mejor calidad y con un trato m\u00e1s humanizado a sus pacientes.<\/p>\n<p>El Presidente de la CODHEY, Jos\u00e9 Enrique Goff Ailloud, record\u00f3 que despu\u00e9s de las autoridades policiacas, son las instituciones de salud las que m\u00e1s quejas presentan ante las instituciones defensoras de derechos humanos, tanto locales como la federal, por la cantidad de poblaci\u00f3n a la que atienden.<\/p>\n<p>Por lo que resulta indispensable capacitar de manera permanente al personal a fin de hacerlo conscientes de la responsabilidad que tienen en la atenci\u00f3n de los pacientes, sobre todos, de los m\u00e1s vulnerables.<\/p>\n<p>Detall\u00f3 que el convenio con el Hospital permitir\u00e1 realizar acciones conjuntas en materia de capacitaci\u00f3n y promoci\u00f3n del valioso derecho humano a la salud <\/p>\n<p>\u201cSe dotar\u00e1 a las y los servidores p\u00fablicos del Hospital Regional de Alta Especialidad de la Pen\u00ednsula de Yucat\u00e1n de una visi\u00f3n y un criterio m\u00e1s sensible hacia el trato que debe existir cuando est\u00e1 de por medio el dolor y el sufrimiento humano\u201d, indic\u00f3.<\/p>\n<p>El Ombudsman hizo un llamado al personal para que ante las adversidades naturales y ante los desaf\u00edos que tenemos como sociedad en este momento como pa\u00eds, debemos solidarizarnos con quienes m\u00e1s lo necesitan.<\/p>\n<p>Por su parte, el Director General del Hospital,  Dr. Rafael Antonio Barrera Zoreda destac\u00f3 la importancia de dar a conocer los derechos de los pacientes para que se hagan cumplir.<\/p>\n<p>\u201cQueremos que todo el personal conozca, entienda y se capacite para poder ser difusores de los derechos humanos\u201d, explic\u00f3.<\/p>\n<p>Reconoci\u00f3 el papel fundamental que juegan los hospitales y su personal en el respeto al derecho a la salud de los pacientes.<\/p>\n<p>La capacitaci\u00f3n que se impartir\u00e1 abordar\u00e1 las condiciones particulares de grupos sociales con gran posibilidad de sufrir alg\u00fan tipo de discriminaci\u00f3n, como es el caso de las pacientes obst\u00e9tricas, las personas adultas mayores, las personas con discapacidad, las personas que viven con VIH\/SIDA, las personas provenientes de pueblos y comunidades mayas, as\u00ed como las ni\u00f1as, ni\u00f1os y adolescentes.<\/p>\n<p>A la firma de convenio asistieron el Director de Operaciones, Idelfonso Machado Dom\u00ednguez; el Director de Planeaci\u00f3n, Ense\u00f1anza e Investigaci\u00f3n, Sa\u00fal de los Santos Briones; la Subdirectora de Atenci\u00f3n al Usuario, Elayne Marfil Rivero; el Subdirector de Ense\u00f1anza a Investigaci\u00f3n, Rolando D\u00edaz Castillo; y la Directora de Vinculaci\u00f3n, Capacitaci\u00f3n y Difusi\u00f3n de la CODHEY, Mireya Zapata Amaya.<\/p>\n","protected":false},"excerpt":{"rendered":"<p>La Comisi\u00f3n de Derechos Humanos del Estado de Yucat\u00e1n capacitar\u00e1 a los 1,200 trabajadores entre personal m\u00e9dico, de enfermer\u00eda y administrativos del H<\/p>\n","protected":false},"author":1018,"featured_media":0,"comment_status":"open","ping_status":"open","sticky":false,"template":"","format":"standard","meta":{"tdm_status":"","tdm_grid_status":"","footnotes":""},"categories":[21],"tags":[],"_links":{"self":[{"href":"https:\/\/dralvarez.com.mx\/larevista\/wp-json\/wp\/v2\/posts\/58187"}],"collection":[{"href":"https:\/\/dralvarez.com.mx\/larevista\/wp-json\/wp\/v2\/posts"}],"about":[{"href":"https:\/\/dralvarez.com.mx\/larevista\/wp-json\/wp\/v2\/types\/post"}],"author":[{"embeddable":true,"href":"https:\/\/dralvarez.com.mx\/larevista\/wp-json\/wp\/v2\/users\/1018"}],"replies":[{"embeddable":true,"href":"https:\/\/dralvarez.com.mx\/larevista\/wp-json\/wp\/v2\/comments?post=58187"}],"version-history":[{"count":0,"href":"https:\/\/dralvarez.com.mx\/larevista\/wp-json\/wp\/v2\/posts\/58187\/revisions"}],"wp:attachment":[{"href":"https:\/\/dralvarez.com.mx\/larevista\/wp-json\/wp\/v2\/media?parent=58187"}],"wp:term":[{"taxonomy":"category","embeddable":true,"href":"https:\/\/dralvarez.com.mx\/larevista\/wp-json\/wp\/v2\/categories?post=58187"},{"taxonomy":"post_tag","embeddable":true,"href":"https:\/\/dralvarez.com.mx\/larevista\/wp-json\/wp\/v2\/tags?post=58187"}],"curies":[{"name":"wp","href":"https:\/\/api.w.org\/{rel}","templated":true}]}}