{"id":58186,"date":"2017-09-25T00:00:00","date_gmt":"2017-09-25T06:00:00","guid":{"rendered":"https:\/\/dralvarez.com.mx\/larevista\/blog\/evacuan-a-alumnos-de-primaria-por-incendio-en-merida-17771"},"modified":"2017-09-25T00:00:00","modified_gmt":"2017-09-25T06:00:00","slug":"evacuan-a-alumnos-de-primaria-por-incendio-en-merida-17771","status":"publish","type":"post","link":"https:\/\/dralvarez.com.mx\/larevista\/yucatan\/evacuan-a-alumnos-de-primaria-por-incendio-en-merida-17771","title":{"rendered":"Evac\u00faan a alumnos de primaria por incendio en M\u00e9rida"},"content":{"rendered":"<\/p>\n<p>M\u00e9rida, Yucat\u00e1n; 25 de septiembre de 2017 (ACOM).- M\u00e1s de 120 alumnos de nivel primaria fueron evacuados tras incendiarse la maleza que se ubica a un costado de la a escuela \u201cJuan Cupul\u201d.<\/p>\n<p>El plantel educativo se ubica sobre la calle 46 entre 163-a y 165 del fraccionamiento San Jos\u00e9 tzal al sur de la cuidad.<\/p>\n<p>El reporte extraoficial indica que fue a causa de la quema indebida de basura la cual termin\u00f3 consumiendo llantas, televisores, refrigeradores y bolsas de desperdicios  tirados en la zona.<\/p>\n<p>El personal aplic\u00f3 el protocolo de seguridad y la evacuaci\u00f3n de los menores de la cual no se reportaron lesionados.<\/p>\n<p>Los bomberos llegaron acabaron con el incendio.<\/p>\n<p><\/p>\n","protected":false},"excerpt":{"rendered":"<p>El plantel educativo se ubica sobre la calle 46 entre 163-a y 165 del fraccionamiento San Jos\u00e9 tzal al sur de la cuidad.<\/p>\n","protected":false},"author":1018,"featured_media":0,"comment_status":"open","ping_status":"open","sticky":false,"template":"","format":"standard","meta":{"tdm_status":"","tdm_grid_status":"","footnotes":""},"categories":[21],"tags":[],"_links":{"self":[{"href":"https:\/\/dralvarez.com.mx\/larevista\/wp-json\/wp\/v2\/posts\/58186"}],"collection":[{"href":"https:\/\/dralvarez.com.mx\/larevista\/wp-json\/wp\/v2\/posts"}],"about":[{"href":"https:\/\/dralvarez.com.mx\/larevista\/wp-json\/wp\/v2\/types\/post"}],"author":[{"embeddable":true,"href":"https:\/\/dralvarez.com.mx\/larevista\/wp-json\/wp\/v2\/users\/1018"}],"replies":[{"embeddable":true,"href":"https:\/\/dralvarez.com.mx\/larevista\/wp-json\/wp\/v2\/comments?post=58186"}],"version-history":[{"count":0,"href":"https:\/\/dralvarez.com.mx\/larevista\/wp-json\/wp\/v2\/posts\/58186\/revisions"}],"wp:attachment":[{"href":"https:\/\/dralvarez.com.mx\/larevista\/wp-json\/wp\/v2\/media?parent=58186"}],"wp:term":[{"taxonomy":"category","embeddable":true,"href":"https:\/\/dralvarez.com.mx\/larevista\/wp-json\/wp\/v2\/categories?post=58186"},{"taxonomy":"post_tag","embeddable":true,"href":"https:\/\/dralvarez.com.mx\/larevista\/wp-json\/wp\/v2\/tags?post=58186"}],"curies":[{"name":"wp","href":"https:\/\/api.w.org\/{rel}","templated":true}]}}