{"id":58183,"date":"2017-09-25T00:00:00","date_gmt":"2017-09-25T06:00:00","guid":{"rendered":"https:\/\/dralvarez.com.mx\/larevista\/blog\/coordinacion-entre-autoridades-y-sociedad-civil-en-pro-de-damnificados-17768"},"modified":"2017-09-25T00:00:00","modified_gmt":"2017-09-25T06:00:00","slug":"coordinacion-entre-autoridades-y-sociedad-civil-en-pro-de-damnificados-17768","status":"publish","type":"post","link":"https:\/\/dralvarez.com.mx\/larevista\/yucatan\/coordinacion-entre-autoridades-y-sociedad-civil-en-pro-de-damnificados-17768","title":{"rendered":"Coordinaci\u00f3n entre autoridades y sociedad civil, en pro de damnificados"},"content":{"rendered":"<p>M\u00e9rida, Yucat\u00e1n, 25 de septiembre de 2017.-<\/p>\n<p>La coordinaci\u00f3n log\u00edstica entre los Gobiernos estatal y federal, as\u00ed como la labor voluntaria de los trabajadores al servicio del Estado, conjugadas con la solidaria aportaci\u00f3n de la sociedad, han permitido que Yucat\u00e1n env\u00ede m\u00e1s de 162 toneladas de ayuda humanitaria a Chiapas y Oaxaca.<\/p>\n<p>Acompa\u00f1ado de la Presidenta del Sistema para el Desarrollo Integral de la Familia (DIF) estatal, Sarita Blancarte de Zapata, el titular del Poder Ejecutivo, Rolando Zapata Bello, constat\u00f3 la salida del sexto cargamento de 30 toneladas con v\u00edveres no perecederos, agua, medicamentos, ropa, zapatos, pa\u00f1ales, cobijas y art\u00edculos de higiene personal con rumbo a territorio chiapaneco.<\/p>\n<p>\u201cNosotros estamos en plena coordinaci\u00f3n con el DIF Nacional y con el comando central de Protecci\u00f3n Civil Nacional, ellos son los encargados de organizar la recepci\u00f3n de apoyos y nos van indicando a cu\u00e1l entidad trasladamos la ayuda para que se efect\u00fae de manera equitativa, ordenada y proporcional hacia todos los estados hermanos afectados\u201d, explic\u00f3<\/p>\n<p>Al acudir al centro de acopio del Centro de Convenciones Yucat\u00e1n Siglo XXI, el mandatario detall\u00f3 que este cami\u00f3n suma 30 toneladas a lo que previamente se ha mandado en cinco env\u00edos. A\u00f1adi\u00f3 que ya son 162 toneladas de apoyo que se han acopiado en los tres sitios establecidos para este fin por parte del DIF. Los otros dos est\u00e1n en la avenida Miguel Alem\u00e1n, en las oficinas centrales del organismo asistencial, y en la Unidad Deportiva &#8220;Kukulc\u00e1n&#8221;.<\/p>\n<p>Tras dar el banderazo de salida al transporte que contiene los insumos y saludar a los integrantes de la Brigada Mixta de Auxilio que participaron en labores de rescate en la Ciudad de M\u00e9xico, Zapata Bello anticip\u00f3 que este martes saldr\u00e1 un nuevo cargamento de 30 toneladas que ya se est\u00e1 empaquetando gracias al respaldo de voluntarios y personal de la Unidad Estatal de Protecci\u00f3n Civil (Procivy). Asimismo, revel\u00f3 que el mi\u00e9rcoles se tiene programado mandar otro contenedor del mismo volumen.<\/p>\n<p>En presencia del delegado de Diconsa, Juan Francisco Fuentelzas Novelo, el Gobernador reiter\u00f3 su agradecimiento a los ciudadanos por su disposici\u00f3n de continuar aportando a quienes hoy m\u00e1s lo necesitan.<\/p>\n<p>A su vez, extendi\u00f3 el gesto a los empleados estatales que incluso llegan a doblar jornadas para colaborar en la clasificaci\u00f3n y orden de los art\u00edculos donados, as\u00ed como a los empresarios que han contribuido con bebidas y paletas de hielo para refrescar las intensas jornadas de los voluntarios.<\/p>\n<p>De igual forma, manifest\u00f3 su reconocimiento a la paraestatal Diconsa por designar camiones a esta loable actividad, que se realiza para abastecer de productos b\u00e1sicos a las comunidades afectadas por los movimientos geol\u00f3gicos ocurridos los d\u00edas 7 y 19 de septiembre pasados.<\/p>\n","protected":false},"excerpt":{"rendered":"<p>Los yucatecos han aportado 162 toneladas de ayuda humanitaria.<\/p>\n","protected":false},"author":1018,"featured_media":0,"comment_status":"open","ping_status":"open","sticky":false,"template":"","format":"standard","meta":{"tdm_status":"","tdm_grid_status":"","footnotes":""},"categories":[21],"tags":[],"_links":{"self":[{"href":"https:\/\/dralvarez.com.mx\/larevista\/wp-json\/wp\/v2\/posts\/58183"}],"collection":[{"href":"https:\/\/dralvarez.com.mx\/larevista\/wp-json\/wp\/v2\/posts"}],"about":[{"href":"https:\/\/dralvarez.com.mx\/larevista\/wp-json\/wp\/v2\/types\/post"}],"author":[{"embeddable":true,"href":"https:\/\/dralvarez.com.mx\/larevista\/wp-json\/wp\/v2\/users\/1018"}],"replies":[{"embeddable":true,"href":"https:\/\/dralvarez.com.mx\/larevista\/wp-json\/wp\/v2\/comments?post=58183"}],"version-history":[{"count":0,"href":"https:\/\/dralvarez.com.mx\/larevista\/wp-json\/wp\/v2\/posts\/58183\/revisions"}],"wp:attachment":[{"href":"https:\/\/dralvarez.com.mx\/larevista\/wp-json\/wp\/v2\/media?parent=58183"}],"wp:term":[{"taxonomy":"category","embeddable":true,"href":"https:\/\/dralvarez.com.mx\/larevista\/wp-json\/wp\/v2\/categories?post=58183"},{"taxonomy":"post_tag","embeddable":true,"href":"https:\/\/dralvarez.com.mx\/larevista\/wp-json\/wp\/v2\/tags?post=58183"}],"curies":[{"name":"wp","href":"https:\/\/api.w.org\/{rel}","templated":true}]}}